{"id":24132,"date":"2019-03-04T20:34:22","date_gmt":"2019-03-05T02:34:22","guid":{"rendered":"https:\/\/elreporterohgo.com\/noticias\/?p=24132"},"modified":"2019-03-04T20:34:24","modified_gmt":"2019-03-05T02:34:24","slug":"computadoras-para-la-biblioteca-publica-municipal","status":"publish","type":"post","link":"https:\/\/elreporterohgo.com\/noticias\/2019\/03\/04\/computadoras-para-la-biblioteca-publica-municipal\/","title":{"rendered":"Computadoras para la biblioteca p\u00fablica municipal"},"content":{"rendered":"\n<p>ALMOLOYA,\nHgo.- El presidente municipal V\u00edctor Manuel Hern\u00e1ndez Paredes entreg\u00f3 8 equipos\nde c\u00f3mputo para fomentar la lectura y el desarrollo humano de los ni\u00f1os,\nj\u00f3venes y adultos, de igual manera, modernizar la atenci\u00f3n de quienes acuden a\nla biblioteca p\u00fablica municipal.<\/p>\n\n\n\n<ul class=\"wp-block-gallery alignleft columns-3 is-cropped wp-block-gallery-1 is-layout-flex wp-block-gallery-is-layout-flex\"><li class=\"blocks-gallery-item\"><figure><img fetchpriority=\"high\" decoding=\"async\" width=\"1024\" height=\"683\" src=\"https::\/\/elreporterohgo.com\/noticias\/wp-content\/uploads\/2019\/03\/almoloya-3-1024x683.jpeg\" alt=\"\" data-id=\"24133\" data-link=\"https::\/\/elreporterohgo.com\/noticias\/?attachment_id=24133\" class=\"wp-image-24133\" srcset=\"https:\/\/elreporterohgo.com\/noticias\/wp-content\/uploads\/2019\/03\/almoloya-3-1024x683.jpeg 1024w, https:\/\/elreporterohgo.com\/noticias\/wp-content\/uploads\/2019\/03\/almoloya-3-300x200.jpeg 300w, https:\/\/elreporterohgo.com\/noticias\/wp-content\/uploads\/2019\/03\/almoloya-3-768x512.jpeg 768w, https:\/\/elreporterohgo.com\/noticias\/wp-content\/uploads\/2019\/03\/almoloya-3.jpeg 1080w\" sizes=\"(max-width: 1024px) 100vw, 1024px\" \/><\/figure><\/li><li class=\"blocks-gallery-item\"><figure><img decoding=\"async\" width=\"1024\" height=\"683\" src=\"https::\/\/elreporterohgo.com\/noticias\/wp-content\/uploads\/2019\/03\/almoloya-1024x683.jpeg\" alt=\"\" data-id=\"24134\" data-link=\"https::\/\/elreporterohgo.com\/noticias\/?attachment_id=24134\" class=\"wp-image-24134\" srcset=\"https:\/\/elreporterohgo.com\/noticias\/wp-content\/uploads\/2019\/03\/almoloya-1024x683.jpeg 1024w, https:\/\/elreporterohgo.com\/noticias\/wp-content\/uploads\/2019\/03\/almoloya-300x200.jpeg 300w, https:\/\/elreporterohgo.com\/noticias\/wp-content\/uploads\/2019\/03\/almoloya-768x512.jpeg 768w, https:\/\/elreporterohgo.com\/noticias\/wp-content\/uploads\/2019\/03\/almoloya.jpeg 1080w\" sizes=\"(max-width: 1024px) 100vw, 1024px\" \/><\/figure><\/li><li class=\"blocks-gallery-item\"><figure><img decoding=\"async\" width=\"1024\" height=\"683\" src=\"https::\/\/elreporterohgo.com\/noticias\/wp-content\/uploads\/2019\/03\/almoloya2-1024x683.jpeg\" alt=\"\" data-id=\"24135\" data-link=\"https::\/\/elreporterohgo.com\/noticias\/?attachment_id=24135\" class=\"wp-image-24135\" srcset=\"https:\/\/elreporterohgo.com\/noticias\/wp-content\/uploads\/2019\/03\/almoloya2-1024x683.jpeg 1024w, https:\/\/elreporterohgo.com\/noticias\/wp-content\/uploads\/2019\/03\/almoloya2-300x200.jpeg 300w, https:\/\/elreporterohgo.com\/noticias\/wp-content\/uploads\/2019\/03\/almoloya2-768x512.jpeg 768w, https:\/\/elreporterohgo.com\/noticias\/wp-content\/uploads\/2019\/03\/almoloya2.jpeg 1080w\" sizes=\"(max-width: 1024px) 100vw, 1024px\" \/><\/figure><\/li><\/ul>\n\n\n\n<p>El escenario\npara el acto fue la Biblioteca Central municipal, ah\u00ed el alcalde acompa\u00f1ado de\nfuncionarios y Almoloyenses, entreg\u00f3 e inaugur\u00f3 el espacio digital que\nbeneficiar\u00e1 a la poblaci\u00f3n con el objetivo de apoyar a los j\u00f3venes que no\ncuenta con estas herramientas a la hora de realizar sus actividades escolares o\npara la realizaci\u00f3n de alg\u00fan tr\u00e1mite en l\u00ednea.<\/p>\n\n\n\n<p>Durante\nsu participaci\u00f3n, el alcalde dijo sentirse satisfecho por la entrega de este mobiliario\npara la biblioteca, dejando en claro que su gobierno seguir\u00e1 apoyando e\nimpulsando la educaci\u00f3n, cultura y deporte; adem\u00e1s, agradeci\u00f3 el apoyo\nbrindando por la H. Asamblea que ha estado al pendiente del municipio en cuanto\na sus problemas y necesidades dejando en claro que este recurso hab\u00eda sido por\nel ahorro que se obtuvo del 2do informe de gobierno en el 2018.<\/p>\n\n\n\n<p>En\nrepresentaci\u00f3n de los estudiantes beneficiados, la bibliotecaria Mariana Agis\nRam\u00edrez, agradeci\u00f3 al alcalde por la visi\u00f3n que tiene como presidente municipal\npara impulsar y apoyar la educaci\u00f3n.<\/p>\n\n\n\n<p>\u201cMuchos\nciudadanos aun no tienen la oportunidad de contar con una computadora y mucho\nmenos Internet, y en la biblioteca daremos estos servicios de manera gratuita.\nIngeniero &nbsp;muchas gracias y siga siempre\ncon esa visi\u00f3n, construyendo beneficio el beneficio que todos queremos\u201d, dijo.<\/p>\n\n\n\n<p>Luego\nde realizar la entrega, el presidente municipal, acompa\u00f1ado de las encargadas\nde la biblioteca y funcionarios municipales, realizaron un recorrido para\nverificar el mobiliario y equipo de c\u00f3mputo entregado.<\/p>\n","protected":false},"excerpt":{"rendered":"<p>ALMOLOYA, Hgo.- El presidente municipal V\u00edctor Manuel Hern\u00e1ndez Paredes entreg\u00f3 8 equipos de c\u00f3mputo para fomentar la lectura y el desarrollo humano de los ni\u00f1os, j\u00f3venes y adultos, de igual manera, modernizar la atenci\u00f3n de quienes acuden a la biblioteca p\u00fablica municipal. El escenario para el acto fue la Biblioteca Central municipal, ah\u00ed el alcalde<\/p>\n","protected":false},"author":2,"featured_media":24135,"comment_status":"open","ping_status":"closed","sticky":false,"template":"","format":"standard","meta":{"footnotes":""},"categories":[10],"tags":[],"class_list":{"0":"post-24132","1":"post","2":"type-post","3":"status-publish","4":"format-standard","5":"has-post-thumbnail","7":"category-hidalgo"},"_links":{"self":[{"href":"https:\/\/elreporterohgo.com\/noticias\/wp-json\/wp\/v2\/posts\/24132","targetHints":{"allow":["GET"]}}],"collection":[{"href":"https:\/\/elreporterohgo.com\/noticias\/wp-json\/wp\/v2\/posts"}],"about":[{"href":"https:\/\/elreporterohgo.com\/noticias\/wp-json\/wp\/v2\/types\/post"}],"author":[{"embeddable":true,"href":"https:\/\/elreporterohgo.com\/noticias\/wp-json\/wp\/v2\/users\/2"}],"replies":[{"embeddable":true,"href":"https:\/\/elreporterohgo.com\/noticias\/wp-json\/wp\/v2\/comments?post=24132"}],"version-history":[{"count":1,"href":"https:\/\/elreporterohgo.com\/noticias\/wp-json\/wp\/v2\/posts\/24132\/revisions"}],"predecessor-version":[{"id":24136,"href":"https:\/\/elreporterohgo.com\/noticias\/wp-json\/wp\/v2\/posts\/24132\/revisions\/24136"}],"wp:featuredmedia":[{"embeddable":true,"href":"https:\/\/elreporterohgo.com\/noticias\/wp-json\/wp\/v2\/media\/24135"}],"wp:attachment":[{"href":"https:\/\/elreporterohgo.com\/noticias\/wp-json\/wp\/v2\/media?parent=24132"}],"wp:term":[{"taxonomy":"category","embeddable":true,"href":"https:\/\/elreporterohgo.com\/noticias\/wp-json\/wp\/v2\/categories?post=24132"},{"taxonomy":"post_tag","embeddable":true,"href":"https:\/\/elreporterohgo.com\/noticias\/wp-json\/wp\/v2\/tags?post=24132"}],"curies":[{"name":"wp","href":"https:\/\/api.w.org\/{rel}","templated":true}]}}