{"id":24083,"date":"2019-03-04T15:39:14","date_gmt":"2019-03-04T21:39:14","guid":{"rendered":"https:\/\/elreporterohgo.com\/noticias\/?p=24083"},"modified":"2019-03-04T15:56:44","modified_gmt":"2019-03-04T21:56:44","slug":"inauguran-planta-de-arteche-que-dara-empleos-a-400-hidalguenses","status":"publish","type":"post","link":"https:\/\/elreporterohgo.com\/noticias\/2019\/03\/04\/inauguran-planta-de-arteche-que-dara-empleos-a-400-hidalguenses\/","title":{"rendered":"INAUGURAN PLANTA DE \u00abARTECHE\u00bb QUE DAR\u00c1 EMPLEOS A 400 HIDALGUENSES"},"content":{"rendered":"\n<p><em>La\nempresa espa\u00f1ola realiz\u00f3 una inversi\u00f3n de 45 MDP. <\/em><\/p>\n\n\n\n<ul class=\"wp-block-gallery alignleft columns-3 is-cropped wp-block-gallery-1 is-layout-flex wp-block-gallery-is-layout-flex\"><li class=\"blocks-gallery-item\"><figure><img fetchpriority=\"high\" decoding=\"async\" width=\"1024\" height=\"683\" src=\"https::\/\/elreporterohgo.com\/noticias\/wp-content\/uploads\/2019\/03\/unnamed-11-1024x683.jpg\" alt=\"\" data-id=\"24084\" data-link=\"https::\/\/elreporterohgo.com\/noticias\/?attachment_id=24084\" class=\"wp-image-24084\" srcset=\"https:\/\/elreporterohgo.com\/noticias\/wp-content\/uploads\/2019\/03\/unnamed-11-1024x683.jpg 1024w, https:\/\/elreporterohgo.com\/noticias\/wp-content\/uploads\/2019\/03\/unnamed-11-300x200.jpg 300w, https:\/\/elreporterohgo.com\/noticias\/wp-content\/uploads\/2019\/03\/unnamed-11-768x512.jpg 768w\" sizes=\"(max-width: 1024px) 100vw, 1024px\" \/><\/figure><\/li><li class=\"blocks-gallery-item\"><figure><img decoding=\"async\" width=\"1024\" height=\"683\" src=\"https::\/\/elreporterohgo.com\/noticias\/wp-content\/uploads\/2019\/03\/unnamed-12-1024x683.jpg\" alt=\"\" data-id=\"24085\" data-link=\"https::\/\/elreporterohgo.com\/noticias\/?attachment_id=24085\" class=\"wp-image-24085\" srcset=\"https:\/\/elreporterohgo.com\/noticias\/wp-content\/uploads\/2019\/03\/unnamed-12-1024x683.jpg 1024w, https:\/\/elreporterohgo.com\/noticias\/wp-content\/uploads\/2019\/03\/unnamed-12-300x200.jpg 300w, https:\/\/elreporterohgo.com\/noticias\/wp-content\/uploads\/2019\/03\/unnamed-12-768x512.jpg 768w\" sizes=\"(max-width: 1024px) 100vw, 1024px\" \/><\/figure><\/li><li class=\"blocks-gallery-item\"><figure><img decoding=\"async\" width=\"1024\" height=\"683\" src=\"https::\/\/elreporterohgo.com\/noticias\/wp-content\/uploads\/2019\/03\/unnamed-10-1024x683.jpg\" alt=\"\" data-id=\"24086\" data-link=\"https::\/\/elreporterohgo.com\/noticias\/?attachment_id=24086\" class=\"wp-image-24086\" srcset=\"https:\/\/elreporterohgo.com\/noticias\/wp-content\/uploads\/2019\/03\/unnamed-10-1024x683.jpg 1024w, https:\/\/elreporterohgo.com\/noticias\/wp-content\/uploads\/2019\/03\/unnamed-10-300x200.jpg 300w, https:\/\/elreporterohgo.com\/noticias\/wp-content\/uploads\/2019\/03\/unnamed-10-768x512.jpg 768w\" sizes=\"(max-width: 1024px) 100vw, 1024px\" \/><\/figure><\/li><li class=\"blocks-gallery-item\"><figure><img loading=\"lazy\" decoding=\"async\" width=\"1024\" height=\"683\" src=\"https::\/\/elreporterohgo.com\/noticias\/wp-content\/uploads\/2019\/03\/unnamed-9-1024x683.jpg\" alt=\"\" data-id=\"24087\" data-link=\"https::\/\/elreporterohgo.com\/noticias\/?attachment_id=24087\" class=\"wp-image-24087\" srcset=\"https:\/\/elreporterohgo.com\/noticias\/wp-content\/uploads\/2019\/03\/unnamed-9-1024x683.jpg 1024w, https:\/\/elreporterohgo.com\/noticias\/wp-content\/uploads\/2019\/03\/unnamed-9-300x200.jpg 300w, https:\/\/elreporterohgo.com\/noticias\/wp-content\/uploads\/2019\/03\/unnamed-9-768x512.jpg 768w\" sizes=\"(max-width: 1024px) 100vw, 1024px\" \/><\/figure><\/li><li class=\"blocks-gallery-item\"><figure><img loading=\"lazy\" decoding=\"async\" width=\"1024\" height=\"683\" src=\"https::\/\/elreporterohgo.com\/noticias\/wp-content\/uploads\/2019\/03\/unnamed-8-1024x683.jpg\" alt=\"\" data-id=\"24088\" data-link=\"https::\/\/elreporterohgo.com\/noticias\/?attachment_id=24088\" class=\"wp-image-24088\" srcset=\"https:\/\/elreporterohgo.com\/noticias\/wp-content\/uploads\/2019\/03\/unnamed-8-1024x683.jpg 1024w, https:\/\/elreporterohgo.com\/noticias\/wp-content\/uploads\/2019\/03\/unnamed-8-300x200.jpg 300w, https:\/\/elreporterohgo.com\/noticias\/wp-content\/uploads\/2019\/03\/unnamed-8-768x512.jpg 768w\" sizes=\"(max-width: 1024px) 100vw, 1024px\" \/><\/figure><\/li><li class=\"blocks-gallery-item\"><figure><img loading=\"lazy\" decoding=\"async\" width=\"1024\" height=\"683\" src=\"https::\/\/elreporterohgo.com\/noticias\/wp-content\/uploads\/2019\/03\/unnamed-7-1024x683.jpg\" alt=\"\" data-id=\"24089\" data-link=\"https::\/\/elreporterohgo.com\/noticias\/?attachment_id=24089\" class=\"wp-image-24089\" srcset=\"https:\/\/elreporterohgo.com\/noticias\/wp-content\/uploads\/2019\/03\/unnamed-7-1024x683.jpg 1024w, https:\/\/elreporterohgo.com\/noticias\/wp-content\/uploads\/2019\/03\/unnamed-7-300x200.jpg 300w, https:\/\/elreporterohgo.com\/noticias\/wp-content\/uploads\/2019\/03\/unnamed-7-768x512.jpg 768w\" sizes=\"(max-width: 1024px) 100vw, 1024px\" \/><\/figure><\/li><\/ul>\n\n\n\n<p>El gobernador Omar Fayad inaugur\u00f3 las nuevas instalaciones\nde Arteche en Tepeji del R\u00edo, empresa l\u00edder mundial en el desarrollo de\ntecnolog\u00eda energ\u00e9tica que fue anunciada en junio de 2017 y que hoy, con una\ninversi\u00f3n de 45 MDP ejercidos para la instalaci\u00f3n de su planta, da trabajo a\nm\u00e1s de 400 hidalguenses. <\/p>\n\n\n\n<p>El mandatario estatal sostuvo que este proyecto fortalece\nal sector energ\u00e9tico de Hidalgo, parte fundamental de su estrategia de\ndesarrollo econ\u00f3mico planteada al inicio de la administraci\u00f3n.<\/p>\n\n\n\n<p>Reconoci\u00f3 la confianza depositada por la empresa de origen\nespa\u00f1ol, ya que Arteche no s\u00f3lo ampli\u00f3 la plantilla de trabajadores de 187 a\n403, sino que casi duplic\u00f3 su inversi\u00f3n al pasar de 24 a&nbsp;45 MDP.<\/p>\n\n\n\n<p>\u00abLa \u00fanica manera en que vamos a crecer y a desarrollar\na Hidalgo, es que los grandes empleadores que est\u00e1n en la iniciativa privada, son\nquienes deben de generar empleos y contrataciones, son las empresas privadas las\nque est\u00e1n apostando a su crecimiento y desarrollo en el estado de Hidalgo,\nporque est\u00e1n viendo su estabilidad econ\u00f3mica\u00bb, indic\u00f3 el mandatario\nestatal. <\/p>\n\n\n\n<p>De igual forma, se\u00f1al\u00f3 que en el sector de las\ntelecomunicaciones \u00abestamos siendo ejemplo en Am\u00e9rica Latina de lo que se\npuede hacer cuando las autoridades federales, estatales y municipales se ponen\nde acuerdo para generar condiciones para que la industria se desarrolle\u00bb,\nteniendo la facultad de obtener sus permisos en 24 horas, lo que representa un\ngran avance reconocido a nivel nacional e internacional. <\/p>\n\n\n\n<p>Por lo anterior, destac\u00f3 el logro de leyes que favorecen a\nlos nichos de oportunidades que proyectan a Hidalgo como el Nuevo Polo de\nDesarrollo Econ\u00f3mico de M\u00e9xico. <\/p>\n\n\n\n<p>Resalt\u00f3 que el estado ha sido tomado como ejemplo por la\nOCDE por sus \u00abpr\u00e1cticas econ\u00f3micas\u00bb, de la misma forma, ha sido\nmotivo de reconocimiento por el gobierno de la Rep\u00fablica y el IMSS por obtener\nla cifra m\u00e1s grande en generaci\u00f3n de empleos en la historia de Hidalgo en el\nmes de enero. <\/p>\n\n\n\n<p>Por su parte Jos\u00e9 Luis Romo Cruz, secretario de Desarrollo\nEcon\u00f3mico en la entidad, agradeci\u00f3 a los inversionistas por confiar en Hidalgo,\nlugar en el que se han puesto metas muy altas. Asegur\u00f3 que estas historias de\n\u00e9xito no son coincidencia, sino parte de la visi\u00f3n y objetivos del gobierno de\nOmar Fayad. <\/p>\n\n\n\n<p>Expres\u00f3 que, desde el inicio de la administraci\u00f3n, el\nmandatario estatal se propuso que Hidalgo fuera el estado en el que m\u00e1s\nf\u00e1cilmente se establecieran las empresas, logrando a la fecha 50 mil MDP en\nnuevas inversiones, lo que equivale a que el estado reciba 60 MDP de inversi\u00f3n\nal d\u00eda. <\/p>\n\n\n\n<p>Finalmente, asever\u00f3 que el gobernador ha privilegiado el\nsector energ\u00e9tico como un sector estrat\u00e9gico, lo que es esencial para que\nHidalgo sea competitivo. <\/p>\n\n\n\n<p>En su oportunidad Alex Arteche, representante de la empresa,\ndijo que el establecimiento de esta compa\u00f1\u00eda, fortalece el compromiso con M\u00e9xico,\nHidalgo y Tepeji del R\u00edo, ofreciendo soluciones que contribuyen al desarrollo\necon\u00f3mico social e industrial de la naci\u00f3n. <\/p>\n\n\n\n<p>La inauguraci\u00f3n de la nueva planta de Grupo Arteche en\nTepeji R\u00edo, se dio en el marco del 25 aniversario de la llegada de este\ncorporativo de origen espa\u00f1ol a M\u00e9xico, desde entonces, se convirti\u00f3 en l\u00edder\nmundial fabricante para el sector el\u00e9ctrico con equipos instalados en m\u00e1s de\n150 pa\u00edses.<\/p>\n\n\n\n<p>La nueva planta tiene capacidad para producir\ntransformadores de instrumento de media y baja tensi\u00f3n, restauradores, bancos y\nfiltros en baja tensi\u00f3n y filtros de arm\u00f3nicas para media y alta tensi\u00f3n bajo\nlos mayores est\u00e1ndares de calidad y control. Esta nueva planta tambi\u00e9n permite\nprobar cada equipo fabricado individualmente.<\/p>\n","protected":false},"excerpt":{"rendered":"<p>La empresa espa\u00f1ola realiz\u00f3 una inversi\u00f3n de 45 MDP. El gobernador Omar Fayad inaugur\u00f3 las nuevas instalaciones de Arteche en Tepeji del R\u00edo, empresa l\u00edder mundial en el desarrollo de tecnolog\u00eda energ\u00e9tica que fue anunciada en junio de 2017 y que hoy, con una inversi\u00f3n de 45 MDP ejercidos para la instalaci\u00f3n de su planta,<\/p>\n","protected":false},"author":2,"featured_media":24084,"comment_status":"open","ping_status":"closed","sticky":false,"template":"","format":"standard","meta":{"footnotes":""},"categories":[10],"tags":[],"class_list":{"0":"post-24083","1":"post","2":"type-post","3":"status-publish","4":"format-standard","5":"has-post-thumbnail","7":"category-hidalgo"},"_links":{"self":[{"href":"https:\/\/elreporterohgo.com\/noticias\/wp-json\/wp\/v2\/posts\/24083","targetHints":{"allow":["GET"]}}],"collection":[{"href":"https:\/\/elreporterohgo.com\/noticias\/wp-json\/wp\/v2\/posts"}],"about":[{"href":"https:\/\/elreporterohgo.com\/noticias\/wp-json\/wp\/v2\/types\/post"}],"author":[{"embeddable":true,"href":"https:\/\/elreporterohgo.com\/noticias\/wp-json\/wp\/v2\/users\/2"}],"replies":[{"embeddable":true,"href":"https:\/\/elreporterohgo.com\/noticias\/wp-json\/wp\/v2\/comments?post=24083"}],"version-history":[{"count":2,"href":"https:\/\/elreporterohgo.com\/noticias\/wp-json\/wp\/v2\/posts\/24083\/revisions"}],"predecessor-version":[{"id":24092,"href":"https:\/\/elreporterohgo.com\/noticias\/wp-json\/wp\/v2\/posts\/24083\/revisions\/24092"}],"wp:featuredmedia":[{"embeddable":true,"href":"https:\/\/elreporterohgo.com\/noticias\/wp-json\/wp\/v2\/media\/24084"}],"wp:attachment":[{"href":"https:\/\/elreporterohgo.com\/noticias\/wp-json\/wp\/v2\/media?parent=24083"}],"wp:term":[{"taxonomy":"category","embeddable":true,"href":"https:\/\/elreporterohgo.com\/noticias\/wp-json\/wp\/v2\/categories?post=24083"},{"taxonomy":"post_tag","embeddable":true,"href":"https:\/\/elreporterohgo.com\/noticias\/wp-json\/wp\/v2\/tags?post=24083"}],"curies":[{"name":"wp","href":"https:\/\/api.w.org\/{rel}","templated":true}]}}