{"id":24076,"date":"2019-03-04T15:26:14","date_gmt":"2019-03-04T21:26:14","guid":{"rendered":"https:\/\/elreporterohgo.com\/noticias\/?p=24076"},"modified":"2019-03-06T07:44:43","modified_gmt":"2019-03-06T13:44:43","slug":"sobre-el-calculo-critico-del-metodo-democratico","status":"publish","type":"post","link":"https:\/\/elreporterohgo.com\/noticias\/2019\/03\/04\/sobre-el-calculo-critico-del-metodo-democratico\/","title":{"rendered":"Sobre el c\u00e1lculo cr\u00edtico del m\u00e9todo democr\u00e1tico"},"content":{"rendered":"\n<p>Por\nIvan Espino Pichardo <\/p>\n\n\n\n<p>El m\u00e9todo\ndemocr\u00e1tico est\u00e1 integrado con la cr\u00edtica inagotable de s\u00ed mismo y en su\nreinvenci\u00f3n constante como el proyecto inacabable e inacabado de la igualdad,\nla autonom\u00eda y la emancipaci\u00f3n, ello permite incluir a todas las voces, abrazar\nla diversidad, fortalecer alianzas entre quienes comparten las mismas\naspiraciones y trazar l\u00edneas de comunicaci\u00f3n respetuosas entre quienes piensan\ndiametralmente opuesto. Es un m\u00e9todo que incluye a todas las personas, que busca\nhacer real las libertades, trasparentar y deliberar las decisiones nacionales. <\/p>\n\n\n\n<p>Sin embargo, a ese m\u00e9todo se le han sumado adjetivos y factores que, en algunos casos, han frenado o han hecho retroceder aspiraciones comunes: igualdad, libertad, dignidad y justicia. De acuerdo con en el <em>Latinobar\u00f3metro<\/em> 2017, M\u00e9xico y Venezuela son en la regi\u00f3n los pa\u00edses que menor aprecio sienten por la democracia. Entre el 2015 y el 2017 el n\u00famero de personas en M\u00e9xico que consider\u00f3 a la democracia como \u201cla mejor forma de gobierno\u201d cay\u00f3 del 71% al 56% y s\u00f3lo uno de cada cuatro mexicanos est\u00e1 satisfecho con los resultados de este tipo de r\u00e9gimen. <\/p>\n\n\n\n<p>Esos datos reflejan que nuestro m\u00e9todo est\u00e1 dando la apariencia de no responder a nuestras aspiraciones de igualdad, libertad y justicia, que superficialmente las adversidades sociales no han cesado, revelando que los ciudadanos no sienten que son ellos los que toman las decisiones en su propia casa: su pa\u00eds; esto es, el motor que hace posible el ejercicio del Supremo Poder (el pueblo) no est\u00e1 dando los resultados ideales para que los ciudadanos sientan que son los tomadores de decisiones m\u00e1s importantes. Por lo que, con las pol\u00edticas p\u00fablicas emergentes, las resoluciones del poder judicial, nuevas leyes o con la reforma de las existentes, en apariencia, no se ha logrado materializar, hasta ahora, la f\u00f3rmula de Gettysburg acu\u00f1ada por Abraham Lincoln: la democracia es el <em>\u201cgobierno del pueblo, por el pueblo y para el pueblo<\/em>\u201d. <\/p>\n\n\n\n<p>&nbsp;&nbsp;&nbsp;&nbsp; Los ciudadanos deben tener la percepci\u00f3n\nque son ellos los que est\u00e1n tomando las decisiones, que existe una\nparticipaci\u00f3n efectiva en la que est\u00e1n incluidos y que lo consensuado ah\u00ed es\ndeterminante para el progreso de la naci\u00f3n. Se debe construir una\ndemocratizaci\u00f3n fundamental, como lo pens\u00f3 Mannhein, para incluir a todos los\ngrupos humanos cada vez m\u00e1s amplios en la toma de decisiones pol\u00edticas, basadas\nen las aspiraciones de participar pol\u00edticamente y formar parte del poder social\ny pol\u00edtico (con la reserva de la dimensi\u00f3n sustancial de la democracia, para el\nefectivo ejercicio de los derechos fundamentales y de los principios\nestablecidos en el orden Constitucional).<\/p>\n\n\n\n<p>Nuestro m\u00e9todo (la democracia) articula un sistema complejo de instituciones, procedimientos, derechos y responsabilidades insertados en normas jur\u00eddicas que con reglas, principios, valores y directrices procuran la funci\u00f3n de una rep\u00fablica democr\u00e1tica representativa, con personas elegidas de manera peri\u00f3dica, libre, aut\u00e9ntica, competitiva, por sufragio universal e igualitario, para tomar las decisiones de todo un pueblo, pero adem\u00e1s, se ha apostado a vivir una democracia m\u00e1s all\u00e1 de la estructura jur\u00eddica y del r\u00e9gimen pol\u00edtico, para apreciarla como un sistema de vida fundado en el constante mejoramiento econ\u00f3mico, social y cultural del pueblo, hasta ahora nuestra mejor idea y tenemos el deber hist\u00f3rico y social de protegerla y defenderla. <\/p>\n","protected":false},"excerpt":{"rendered":"<p>Por Ivan Espino Pichardo El m\u00e9todo democr\u00e1tico est\u00e1 integrado con la cr\u00edtica inagotable de s\u00ed mismo y en su reinvenci\u00f3n constante como el proyecto inacabable e inacabado de la igualdad, la autonom\u00eda y la emancipaci\u00f3n, ello permite incluir a todas las voces, abrazar la diversidad, fortalecer alianzas entre quienes comparten las mismas aspiraciones y trazar<\/p>\n","protected":false},"author":2,"featured_media":0,"comment_status":"open","ping_status":"closed","sticky":false,"template":"","format":"standard","meta":{"footnotes":""},"categories":[10],"tags":[],"class_list":{"0":"post-24076","1":"post","2":"type-post","3":"status-publish","4":"format-standard","6":"category-hidalgo"},"_links":{"self":[{"href":"https:\/\/elreporterohgo.com\/noticias\/wp-json\/wp\/v2\/posts\/24076","targetHints":{"allow":["GET"]}}],"collection":[{"href":"https:\/\/elreporterohgo.com\/noticias\/wp-json\/wp\/v2\/posts"}],"about":[{"href":"https:\/\/elreporterohgo.com\/noticias\/wp-json\/wp\/v2\/types\/post"}],"author":[{"embeddable":true,"href":"https:\/\/elreporterohgo.com\/noticias\/wp-json\/wp\/v2\/users\/2"}],"replies":[{"embeddable":true,"href":"https:\/\/elreporterohgo.com\/noticias\/wp-json\/wp\/v2\/comments?post=24076"}],"version-history":[{"count":1,"href":"https:\/\/elreporterohgo.com\/noticias\/wp-json\/wp\/v2\/posts\/24076\/revisions"}],"predecessor-version":[{"id":24077,"href":"https:\/\/elreporterohgo.com\/noticias\/wp-json\/wp\/v2\/posts\/24076\/revisions\/24077"}],"wp:attachment":[{"href":"https:\/\/elreporterohgo.com\/noticias\/wp-json\/wp\/v2\/media?parent=24076"}],"wp:term":[{"taxonomy":"category","embeddable":true,"href":"https:\/\/elreporterohgo.com\/noticias\/wp-json\/wp\/v2\/categories?post=24076"},{"taxonomy":"post_tag","embeddable":true,"href":"https:\/\/elreporterohgo.com\/noticias\/wp-json\/wp\/v2\/tags?post=24076"}],"curies":[{"name":"wp","href":"https:\/\/api.w.org\/{rel}","templated":true}]}}