{"id":24041,"date":"2019-03-02T20:11:48","date_gmt":"2019-03-03T02:11:48","guid":{"rendered":"https:\/\/elreporterohgo.com\/noticias\/?p=24041"},"modified":"2019-03-02T20:12:14","modified_gmt":"2019-03-03T02:12:14","slug":"instan-a-jovenes-para-tramitar-cartilla-militar","status":"publish","type":"post","link":"https:\/\/elreporterohgo.com\/noticias\/2019\/03\/02\/instan-a-jovenes-para-tramitar-cartilla-militar\/","title":{"rendered":"Instan a j\u00f3venes para tramitar cartilla militar"},"content":{"rendered":"\n<p>El gobierno de Mineral de la Reforma a trav\u00e9s de su\nJunta Municipal de Reclutamiento convoca a todos los j\u00f3venes conscriptos de la\nclase 2001, y remisos, a realizar su tr\u00e1mite para obtener&nbsp; la Cartilla Militar; con el objetivo de\ncumplir cabalmente con las obligaciones del ciudadano en cubrir sus requisitos\ncon respecto a lo que se indica la Secretar\u00eda de la Defensa Nacional, y cumplir\ncon su Servicio Militar Nacional.<\/p>\n\n\n\n<ul class=\"wp-block-gallery alignleft columns-3 is-cropped wp-block-gallery-1 is-layout-flex wp-block-gallery-is-layout-flex\"><li class=\"blocks-gallery-item\"><figure><img fetchpriority=\"high\" decoding=\"async\" width=\"1008\" height=\"796\" src=\"https::\/\/elreporterohgo.com\/noticias\/wp-content\/uploads\/2019\/03\/Sorteo-Militar-2018_-MR-4.jpeg\" alt=\"\" data-id=\"24042\" data-link=\"https::\/\/elreporterohgo.com\/noticias\/?attachment_id=24042\" class=\"wp-image-24042\" srcset=\"https:\/\/elreporterohgo.com\/noticias\/wp-content\/uploads\/2019\/03\/Sorteo-Militar-2018_-MR-4.jpeg 1008w, https:\/\/elreporterohgo.com\/noticias\/wp-content\/uploads\/2019\/03\/Sorteo-Militar-2018_-MR-4-300x237.jpeg 300w, https:\/\/elreporterohgo.com\/noticias\/wp-content\/uploads\/2019\/03\/Sorteo-Militar-2018_-MR-4-768x606.jpeg 768w\" sizes=\"(max-width: 1008px) 100vw, 1008px\" \/><\/figure><\/li><li class=\"blocks-gallery-item\"><figure><img decoding=\"async\" width=\"1024\" height=\"682\" src=\"https::\/\/elreporterohgo.com\/noticias\/wp-content\/uploads\/2019\/03\/Sorteo-Militar-2018_-MR-1-1024x682.jpeg\" alt=\"\" data-id=\"24043\" data-link=\"https::\/\/elreporterohgo.com\/noticias\/?attachment_id=24043\" class=\"wp-image-24043\" srcset=\"https:\/\/elreporterohgo.com\/noticias\/wp-content\/uploads\/2019\/03\/Sorteo-Militar-2018_-MR-1-1024x682.jpeg 1024w, https:\/\/elreporterohgo.com\/noticias\/wp-content\/uploads\/2019\/03\/Sorteo-Militar-2018_-MR-1-300x200.jpeg 300w, https:\/\/elreporterohgo.com\/noticias\/wp-content\/uploads\/2019\/03\/Sorteo-Militar-2018_-MR-1-768x512.jpeg 768w, https:\/\/elreporterohgo.com\/noticias\/wp-content\/uploads\/2019\/03\/Sorteo-Militar-2018_-MR-1.jpeg 1280w\" sizes=\"(max-width: 1024px) 100vw, 1024px\" \/><\/figure><\/li><li class=\"blocks-gallery-item\"><figure><img decoding=\"async\" width=\"1024\" height=\"732\" src=\"https::\/\/elreporterohgo.com\/noticias\/wp-content\/uploads\/2019\/03\/Sorteo-Militar-MR-4-1024x732.jpg\" alt=\"\" data-id=\"24044\" data-link=\"https::\/\/elreporterohgo.com\/noticias\/?attachment_id=24044\" class=\"wp-image-24044\" srcset=\"https:\/\/elreporterohgo.com\/noticias\/wp-content\/uploads\/2019\/03\/Sorteo-Militar-MR-4-1024x732.jpg 1024w, https:\/\/elreporterohgo.com\/noticias\/wp-content\/uploads\/2019\/03\/Sorteo-Militar-MR-4-300x214.jpg 300w, https:\/\/elreporterohgo.com\/noticias\/wp-content\/uploads\/2019\/03\/Sorteo-Militar-MR-4-768x549.jpg 768w\" sizes=\"(max-width: 1024px) 100vw, 1024px\" \/><\/figure><\/li><\/ul>\n\n\n\n<p>Por lo que se les solicita los siguientes requisitos:\nActa de nacimiento reciente (original y copia); CURP actualizado; cuatro\nfotograf\u00edas a color de frente de 35x45mm (fondo blanco, sin barba, sin bigote,\ncorte tipo militar o casquete corto, con la maquina no.1 parejo, patilla bien\nrecortada, o\u00eddos y frente descubierta, sin aretes y collares, sin lentes no\ninstant\u00e1neas ni de computadora, sombra sin retoque) con camisa de color;\ncomprobante de \u00faltimo grado de estudios (certificado o constancia con el sello\nde la escuela); comprobante de domicilio que este a nombre del interesado o de\nsu padres (recibo predial, tel\u00e9fono, agua, credencial de elector o constancia\nde residencia) que contenga el domicilio completo, calle, numero de manzana y\nlote, colonia, que pertenezca al municipio de Mineral de la Reforma; \u00fanicamente\nse expedir\u00e1 cartilla a los conscriptos que radiquen dentro del municipio previa\ncomprobaci\u00f3n de los requisitos se\u00f1alados; acta de&nbsp; matrimonio (en caso de ser casados\nlegalmente).<\/p>\n\n\n\n<p>Para los remisos deber\u00e1 traer los requisitos mencionados\ny constancia de inexistencia de pre-cartilla del lugar nacimiento. Documentos\nen original y copia.<\/p>\n\n\n\n<p>Al respecto Pedro P\u00e9rez Flores Secretario General\nMunicipal; informo que el periodo de inscripci\u00f3n est\u00e1 vigente hasta el d\u00eda 12\nde octubre del 2019, pueden acudir a la Junta Municipal de Reclutamiento de\nMineral de la Reforma de lunes a viernes de 9:00 a 13:00 horas, y para mayor\ninformaci\u00f3n pueden comunicarse al tel\u00e9fono 71 6 06 90, extensi\u00f3n 105.<\/p>\n","protected":false},"excerpt":{"rendered":"<p>El gobierno de Mineral de la Reforma a trav\u00e9s de su Junta Municipal de Reclutamiento convoca a todos los j\u00f3venes conscriptos de la clase 2001, y remisos, a realizar su tr\u00e1mite para obtener&nbsp; la Cartilla Militar; con el objetivo de cumplir cabalmente con las obligaciones del ciudadano en cubrir sus requisitos con respecto a lo<\/p>\n","protected":false},"author":2,"featured_media":24044,"comment_status":"open","ping_status":"closed","sticky":false,"template":"","format":"standard","meta":{"footnotes":""},"categories":[10],"tags":[],"class_list":{"0":"post-24041","1":"post","2":"type-post","3":"status-publish","4":"format-standard","5":"has-post-thumbnail","7":"category-hidalgo"},"_links":{"self":[{"href":"https:\/\/elreporterohgo.com\/noticias\/wp-json\/wp\/v2\/posts\/24041","targetHints":{"allow":["GET"]}}],"collection":[{"href":"https:\/\/elreporterohgo.com\/noticias\/wp-json\/wp\/v2\/posts"}],"about":[{"href":"https:\/\/elreporterohgo.com\/noticias\/wp-json\/wp\/v2\/types\/post"}],"author":[{"embeddable":true,"href":"https:\/\/elreporterohgo.com\/noticias\/wp-json\/wp\/v2\/users\/2"}],"replies":[{"embeddable":true,"href":"https:\/\/elreporterohgo.com\/noticias\/wp-json\/wp\/v2\/comments?post=24041"}],"version-history":[{"count":1,"href":"https:\/\/elreporterohgo.com\/noticias\/wp-json\/wp\/v2\/posts\/24041\/revisions"}],"predecessor-version":[{"id":24045,"href":"https:\/\/elreporterohgo.com\/noticias\/wp-json\/wp\/v2\/posts\/24041\/revisions\/24045"}],"wp:featuredmedia":[{"embeddable":true,"href":"https:\/\/elreporterohgo.com\/noticias\/wp-json\/wp\/v2\/media\/24044"}],"wp:attachment":[{"href":"https:\/\/elreporterohgo.com\/noticias\/wp-json\/wp\/v2\/media?parent=24041"}],"wp:term":[{"taxonomy":"category","embeddable":true,"href":"https:\/\/elreporterohgo.com\/noticias\/wp-json\/wp\/v2\/categories?post=24041"},{"taxonomy":"post_tag","embeddable":true,"href":"https:\/\/elreporterohgo.com\/noticias\/wp-json\/wp\/v2\/tags?post=24041"}],"curies":[{"name":"wp","href":"https:\/\/api.w.org\/{rel}","templated":true}]}}