{"id":24020,"date":"2019-02-28T10:54:40","date_gmt":"2019-02-28T16:54:40","guid":{"rendered":"https:\/\/elreporterohgo.com\/noticias\/?p=24020"},"modified":"2019-02-28T11:04:46","modified_gmt":"2019-02-28T17:04:46","slug":"estamos-en-politica-porque-sabemos-que-las-familias-nos-necesitan-cerca-de-ellas-mayka-ortega","status":"publish","type":"post","link":"https:\/\/elreporterohgo.com\/noticias\/2019\/02\/28\/estamos-en-politica-porque-sabemos-que-las-familias-nos-necesitan-cerca-de-ellas-mayka-ortega\/","title":{"rendered":"ESTAMOS EN POL\u00cdTICA PORQUE SABEMOS QUE LAS FAMILIAS NOS NECESITAN CERCA DE ELLAS: Mayka Ortega"},"content":{"rendered":"\n<p>Mis visitas por diferentes comunidades y municipios del\nEstado se deben a 3 razones: agradecer la confianza de los ciudadanos; revisar\njuntos \u00bfc\u00f3mo vamos? y dise\u00f1ar juntos \u00bfqu\u00e9 est\u00e1 haciendo falta para apoyarlos en\nsu desarrollo comunitario?<\/p>\n\n\n\n<ul class=\"wp-block-gallery alignleft columns-3 is-cropped wp-block-gallery-1 is-layout-flex wp-block-gallery-is-layout-flex\"><li class=\"blocks-gallery-item\"><figure><img fetchpriority=\"high\" decoding=\"async\" width=\"720\" height=\"960\" src=\"https::\/\/elreporterohgo.com\/noticias\/wp-content\/uploads\/2019\/02\/FB_IMG_1551138640411.jpg\" alt=\"\" data-id=\"24021\" data-link=\"https::\/\/elreporterohgo.com\/noticias\/?attachment_id=24021\" class=\"wp-image-24021\" srcset=\"https:\/\/elreporterohgo.com\/noticias\/wp-content\/uploads\/2019\/02\/FB_IMG_1551138640411.jpg 720w, https:\/\/elreporterohgo.com\/noticias\/wp-content\/uploads\/2019\/02\/FB_IMG_1551138640411-225x300.jpg 225w\" sizes=\"(max-width: 720px) 100vw, 720px\" \/><\/figure><\/li><li class=\"blocks-gallery-item\"><figure><img decoding=\"async\" width=\"720\" height=\"540\" src=\"https::\/\/elreporterohgo.com\/noticias\/wp-content\/uploads\/2019\/02\/FB_IMG_1551218191598.jpg\" alt=\"\" data-id=\"24022\" data-link=\"https::\/\/elreporterohgo.com\/noticias\/?attachment_id=24022\" class=\"wp-image-24022\" srcset=\"https:\/\/elreporterohgo.com\/noticias\/wp-content\/uploads\/2019\/02\/FB_IMG_1551218191598.jpg 720w, https:\/\/elreporterohgo.com\/noticias\/wp-content\/uploads\/2019\/02\/FB_IMG_1551218191598-300x225.jpg 300w\" sizes=\"(max-width: 720px) 100vw, 720px\" \/><\/figure><\/li><li class=\"blocks-gallery-item\"><figure><img decoding=\"async\" width=\"720\" height=\"221\" src=\"https::\/\/elreporterohgo.com\/noticias\/wp-content\/uploads\/2019\/02\/FB_IMG_1551218279638.jpg\" alt=\"\" data-id=\"24023\" data-link=\"https::\/\/elreporterohgo.com\/noticias\/?attachment_id=24023\" class=\"wp-image-24023\" srcset=\"https:\/\/elreporterohgo.com\/noticias\/wp-content\/uploads\/2019\/02\/FB_IMG_1551218279638.jpg 720w, https:\/\/elreporterohgo.com\/noticias\/wp-content\/uploads\/2019\/02\/FB_IMG_1551218279638-300x92.jpg 300w\" sizes=\"(max-width: 720px) 100vw, 720px\" \/><\/figure><\/li><\/ul>\n\n\n\n<p>Eso me han ense\u00f1ado ellos por m\u00e1s de 25 a\u00f1os de trabajar y\ncaminar juntos.<\/p>\n\n\n\n<p>Eso reclaman siempre durante las campa\u00f1as.<\/p>\n\n\n\n<p>As\u00ed que la Representaci\u00f3n Ciudadana siempre tiene buenos\ninterlocutores y observadores en cada comunidad, en cada hogar, en cada centro\nde trabajo.<\/p>\n\n\n\n<p>Y el trabajo legislativo siempre nos permite espacios para\nconvivir y cumplir con las familias.<\/p>\n\n\n\n<p>Eso es lo que me he dedicado a hacer en este primer receso\nde acci\u00f3n puramente legislativa enero \u2013 febrero 2019.<\/p>\n\n\n\n<p>He visitado decenas de comunidades, colonias, grupos y\nfamilias.<\/p>\n\n\n\n<p>En unos casos para cumplir compromisos de campa\u00f1a, porque la\ngente se desilusiona mucho cuando los candidatos ganan votos con las esperanzas\nciudadanas.<\/p>\n\n\n\n<p>Por ejemplo, los padres de familia, alumnos, profesores y su\nservidora pudimos ver realizada el Aula de Medios, equipada, de la Secundaria\nT\u00e9cnica No. 26 de Tepeapulco, que gestion\u00e9 durante el 2018.<\/p>\n\n\n\n<p>Pudimos convivir con la comunidad escolar de Texcatzongo,\ndonde participamos al hacer realidad su sue\u00f1o de contar con un aula de\npreescolar de CONAFE, instituci\u00f3n que tiene algunos a\u00f1os construyendo dign\u00edsima\ninfraestructura para que los peque\u00f1os tengan educaci\u00f3n de calidad. Aunado lo\nanterior al gran proyecto de Educaci\u00f3n Inicial que tambi\u00e9n se atiende en esta\nmodalidad, para ni\u00f1os de 0 a 3 a\u00f1os, que es donde se construye el futuro grande\nde una naci\u00f3n.<\/p>\n\n\n\n<p>Nos reunimos con un nutrido grupo de madres de peque\u00f1os que\ntienen el problema de las Estancias Infantiles. Ellas nos plantean que el amor\nde los abuelitos es necesario pero los conocimientos de los puericultores son\ninsustituibles. A partir de esa necesidad contundente los apoyamos y\nacompa\u00f1amos.<\/p>\n\n\n\n<p>Con gran orgullo vimos concluida la 1\u00aa etapa del Gimnasio de\nla Col. Benito Ju\u00e1rez en Sahag\u00fan. En esta obra largamente anhelada,\nprincipalmente, por nuestros adultos mayores, y que ahora sirve a todas las\nfamilias de la comunidad familiar, pusimos mucho entusiasmo, gesti\u00f3n y\nseguimiento para verla funcionando. Solo nos siguen faltando algunas plantitas\nde ornato.<\/p>\n\n\n\n<p>Ahora vamos por la segunda etapa. Ya me compromet\u00ed con ellos\ny ya iniciamos las gestiones.<\/p>\n\n\n\n<p>Revisamos con la entusiasta y comprometida Sociedad de Ex\nAlumnos del Tecnol\u00f3gico de Pachuca la posibilidad de colaboraci\u00f3n en beneficio\nde grupos vulnerables del Estado, principalmente en lo que ellos ya saben\nresolver profesionalmente como proyectos t\u00e9cnicos de infraestructura y\nservicios p\u00fablicos, beneficios sociales comunitarios. A partir de este productivo\nencuentro ya iniciamos la construcci\u00f3n de una agenda municipalista conjunta, y\nel primer proyecto tiene que ver con los mercados municipales, fijos y\ntianguis.<\/p>\n\n\n\n<p>Visit\u00e9, conviv\u00ed y apoy\u00e9 a la Casa Hogar \u201cCarmelita y\nCarlitos\u201d de Cd. Sahag\u00fan, donde apoyan a j\u00f3venes y adultos con alguna\ndiscapacidad. Esta labor es una grand\u00edsima muestra de la Sociedad Civil\nOrganizada en favor de los grupos vulnerables. <\/p>\n\n\n\n<p>Los apoy\u00e9 con la entrega del cheque que obtuve como premio\nen un concurso de Ensayo sobre la Agenda Pol\u00edtica para las Mujeres Hidalguenses\nque organiz\u00f3 el IEEH. En un ejercicio de m\u00ednima congruencia, destin\u00e9 ese\nesfuerzo al desarrollo de las OSC\u2019s que protegen los Derechos Humanos de grupos\nminoritarios vulnerables, sobre todo porque veo que los apoyos institucionales\ny privados escasean, teniendo que surgir este tercer sector tan importante\nsocialmente.<\/p>\n\n\n\n<p>Acompa\u00f1\u00e9 a las autoridades agropecuarias estatales a la\nentrega de m\u00e1s cheques, pero ahora para los productores que durante el per\u00edodo\nagr\u00edcola oto\u00f1o \u2013 invierno 2018 sufrieron alg\u00fan da\u00f1o en sus terrenos, como\nhelada, granizada o sequ\u00eda. El campo tambi\u00e9n necesita de los presupuestos que\nnos toca autorizar en el Congreso.<\/p>\n\n\n\n<p>Seguimos #CaminandoConMayka2019, cuyo objetivo es empoderar\na las mujeres interesadas en aprender alguna labor que les permita, primero\nganar alg\u00fan ingreso para la familia, y enseguida avanzar en su empoderamiento.\nEllas tambi\u00e9n necesitan, y mucho, de sus autoridades. Estuvimos con grupos de\nentusiastas mujeres en la Comunidad de San Jos\u00e9 del municipio de Emiliano\nZapata, inaugurando un concurrido curso de bisuter\u00eda y otro de Apicultura en la\nCol. 20 de Noviembre Tepeapulco.<\/p>\n","protected":false},"excerpt":{"rendered":"<p>Mis visitas por diferentes comunidades y municipios del Estado se deben a 3 razones: agradecer la confianza de los ciudadanos; revisar juntos \u00bfc\u00f3mo vamos? y dise\u00f1ar juntos \u00bfqu\u00e9 est\u00e1 haciendo falta para apoyarlos en su desarrollo comunitario? Eso me han ense\u00f1ado ellos por m\u00e1s de 25 a\u00f1os de trabajar y caminar juntos. Eso reclaman siempre<\/p>\n","protected":false},"author":2,"featured_media":24021,"comment_status":"open","ping_status":"closed","sticky":false,"template":"","format":"standard","meta":{"footnotes":""},"categories":[10],"tags":[],"class_list":{"0":"post-24020","1":"post","2":"type-post","3":"status-publish","4":"format-standard","5":"has-post-thumbnail","7":"category-hidalgo"},"_links":{"self":[{"href":"https:\/\/elreporterohgo.com\/noticias\/wp-json\/wp\/v2\/posts\/24020","targetHints":{"allow":["GET"]}}],"collection":[{"href":"https:\/\/elreporterohgo.com\/noticias\/wp-json\/wp\/v2\/posts"}],"about":[{"href":"https:\/\/elreporterohgo.com\/noticias\/wp-json\/wp\/v2\/types\/post"}],"author":[{"embeddable":true,"href":"https:\/\/elreporterohgo.com\/noticias\/wp-json\/wp\/v2\/users\/2"}],"replies":[{"embeddable":true,"href":"https:\/\/elreporterohgo.com\/noticias\/wp-json\/wp\/v2\/comments?post=24020"}],"version-history":[{"count":2,"href":"https:\/\/elreporterohgo.com\/noticias\/wp-json\/wp\/v2\/posts\/24020\/revisions"}],"predecessor-version":[{"id":24025,"href":"https:\/\/elreporterohgo.com\/noticias\/wp-json\/wp\/v2\/posts\/24020\/revisions\/24025"}],"wp:featuredmedia":[{"embeddable":true,"href":"https:\/\/elreporterohgo.com\/noticias\/wp-json\/wp\/v2\/media\/24021"}],"wp:attachment":[{"href":"https:\/\/elreporterohgo.com\/noticias\/wp-json\/wp\/v2\/media?parent=24020"}],"wp:term":[{"taxonomy":"category","embeddable":true,"href":"https:\/\/elreporterohgo.com\/noticias\/wp-json\/wp\/v2\/categories?post=24020"},{"taxonomy":"post_tag","embeddable":true,"href":"https:\/\/elreporterohgo.com\/noticias\/wp-json\/wp\/v2\/tags?post=24020"}],"curies":[{"name":"wp","href":"https:\/\/api.w.org\/{rel}","templated":true}]}}