{"id":23982,"date":"2019-02-26T13:36:10","date_gmt":"2019-02-26T19:36:10","guid":{"rendered":"https:\/\/elreporterohgo.com\/noticias\/?p=23982"},"modified":"2019-02-26T13:36:12","modified_gmt":"2019-02-26T19:36:12","slug":"omar-fayad-se-reune-con-la-embajadora-de-noruega","status":"publish","type":"post","link":"https:\/\/elreporterohgo.com\/noticias\/2019\/02\/26\/omar-fayad-se-reune-con-la-embajadora-de-noruega\/","title":{"rendered":"Omar Fayad se re\u00fane con la embajadora de Noruega"},"content":{"rendered":"\n<p>El\ngobernador Omar Fayad acompa\u00f1ado del secretario de la Pol\u00edtica P\u00fablica Israel\nF\u00e9lix y del titular de la Unidad de Planeaci\u00f3n Lam\u00e1n Carranza, sostuvo\nimportante reuni\u00f3n de trabajo con la Embajadora de Noruega en M\u00e9xico y\nCentroam\u00e9rica Rut Kr\u00fcger Giverin, para conocer la plataforma musical OII,\ndesarrollada en el pa\u00eds europeo, para fortalecer el modelo educativo en Hidalgo,\nal ser la primera entidad federativa en utilizarla.<\/p>\n\n\n\n<p>Con lo que,\nse busca promover, fortalecer y preservar las lenguas originarias del estado,\nmediante el desarrollo interactivo de contenido musical, en el marco del A\u00f1o\nInternacional de Lenguas Ind\u00edgenas proclamado por la ONU.<\/p>\n\n\n\n<p>Para lo anterior, se buscar\u00e1n los mecanismos para unir el\ndesarrollo social con el desarrollo econ\u00f3mico y la innovaci\u00f3n en beneficio de\nlas familias de Hidalgo.<strong><\/strong><\/p>\n\n\n\n<figure class=\"wp-block-image\"><img fetchpriority=\"high\" decoding=\"async\" width=\"1024\" height=\"660\" src=\"https::\/\/elreporterohgo.com\/noticias\/wp-content\/uploads\/2019\/02\/unnamed-94-min-1024x660.jpg\" alt=\"\" class=\"wp-image-23984\" srcset=\"https:\/\/elreporterohgo.com\/noticias\/wp-content\/uploads\/2019\/02\/unnamed-94-min-1024x660.jpg 1024w, https:\/\/elreporterohgo.com\/noticias\/wp-content\/uploads\/2019\/02\/unnamed-94-min-300x193.jpg 300w, https:\/\/elreporterohgo.com\/noticias\/wp-content\/uploads\/2019\/02\/unnamed-94-min-768x495.jpg 768w\" sizes=\"(max-width: 1024px) 100vw, 1024px\" \/><\/figure>\n","protected":false},"excerpt":{"rendered":"<p>El gobernador Omar Fayad acompa\u00f1ado del secretario de la Pol\u00edtica P\u00fablica Israel F\u00e9lix y del titular de la Unidad de Planeaci\u00f3n Lam\u00e1n Carranza, sostuvo importante reuni\u00f3n de trabajo con la Embajadora de Noruega en M\u00e9xico y Centroam\u00e9rica Rut Kr\u00fcger Giverin, para conocer la plataforma musical OII, desarrollada en el pa\u00eds europeo, para fortalecer el modelo<\/p>\n","protected":false},"author":2,"featured_media":23984,"comment_status":"open","ping_status":"closed","sticky":false,"template":"","format":"standard","meta":{"footnotes":""},"categories":[10],"tags":[],"class_list":{"0":"post-23982","1":"post","2":"type-post","3":"status-publish","4":"format-standard","5":"has-post-thumbnail","7":"category-hidalgo"},"_links":{"self":[{"href":"https:\/\/elreporterohgo.com\/noticias\/wp-json\/wp\/v2\/posts\/23982","targetHints":{"allow":["GET"]}}],"collection":[{"href":"https:\/\/elreporterohgo.com\/noticias\/wp-json\/wp\/v2\/posts"}],"about":[{"href":"https:\/\/elreporterohgo.com\/noticias\/wp-json\/wp\/v2\/types\/post"}],"author":[{"embeddable":true,"href":"https:\/\/elreporterohgo.com\/noticias\/wp-json\/wp\/v2\/users\/2"}],"replies":[{"embeddable":true,"href":"https:\/\/elreporterohgo.com\/noticias\/wp-json\/wp\/v2\/comments?post=23982"}],"version-history":[{"count":1,"href":"https:\/\/elreporterohgo.com\/noticias\/wp-json\/wp\/v2\/posts\/23982\/revisions"}],"predecessor-version":[{"id":23985,"href":"https:\/\/elreporterohgo.com\/noticias\/wp-json\/wp\/v2\/posts\/23982\/revisions\/23985"}],"wp:featuredmedia":[{"embeddable":true,"href":"https:\/\/elreporterohgo.com\/noticias\/wp-json\/wp\/v2\/media\/23984"}],"wp:attachment":[{"href":"https:\/\/elreporterohgo.com\/noticias\/wp-json\/wp\/v2\/media?parent=23982"}],"wp:term":[{"taxonomy":"category","embeddable":true,"href":"https:\/\/elreporterohgo.com\/noticias\/wp-json\/wp\/v2\/categories?post=23982"},{"taxonomy":"post_tag","embeddable":true,"href":"https:\/\/elreporterohgo.com\/noticias\/wp-json\/wp\/v2\/tags?post=23982"}],"curies":[{"name":"wp","href":"https:\/\/api.w.org\/{rel}","templated":true}]}}