{"id":23978,"date":"2019-02-26T13:28:36","date_gmt":"2019-02-26T19:28:36","guid":{"rendered":"https:\/\/elreporterohgo.com\/noticias\/?p=23978"},"modified":"2019-02-26T13:28:37","modified_gmt":"2019-02-26T19:28:37","slug":"jornada-de-seguridad-a-estudiantes-de-pachuca","status":"publish","type":"post","link":"https:\/\/elreporterohgo.com\/noticias\/2019\/02\/26\/jornada-de-seguridad-a-estudiantes-de-pachuca\/","title":{"rendered":"Jornada de seguridad a estudiantes de Pachuca"},"content":{"rendered":"\n<p>Ante comunidad\neducativa de la Escuela Americana, en Pachuca, Uriel Moreno, Comisario General\nde la Agencia de Seguridad Estatal, encabez\u00f3 a nombre\nde Mauricio Delmar, Secretario de Seguridad P\u00fablica, la ceremonia c\u00edvica en el\nmarco del D\u00eda de la Bandera, adem\u00e1s de desarrollarse una jornada de\nseguridad y audiencia escolar.<\/p>\n\n\n\n<p>Con demostraci\u00f3n de la\nUnidad Canina y las diferentes Unidades\nEspecializadas que integran la Polic\u00eda Estatal, se presentaron algunas de las\nfunciones y facultades que la corporaci\u00f3n desarrolla d\u00eda con d\u00eda en el\ncumplimiento de su trabajo de prevenci\u00f3n del delito.<\/p>\n\n\n\n<p>El Comisario General\nhabl\u00f3 sobre el uso correcto del n\u00famero de Emergencias\n911, 089 de Denuncia An\u00f3nima, para que principalmente los escolares eviten\nhacer mal uso de estas l\u00edneas mediante bromas o\nllamados falsos.<\/p>\n\n\n\n<p>Asimismo, invit\u00f3 a las\ny los ni\u00f1os y j\u00f3venes a no caer en los juegos y retos de moda que circulan en redes sociales, debido a que representan un\ngrave riesgo para quienes se enganchan en estas tendencias.<\/p>\n\n\n\n<figure class=\"wp-block-image\"><img fetchpriority=\"high\" decoding=\"async\" width=\"1024\" height=\"768\" src=\"https::\/\/elreporterohgo.com\/noticias\/wp-content\/uploads\/2019\/02\/250219-SSPH-CEREMONIA-C\u00cdVICA-2-1024x768.jpeg\" alt=\"\" class=\"wp-image-23979\" srcset=\"https:\/\/elreporterohgo.com\/noticias\/wp-content\/uploads\/2019\/02\/250219-SSPH-CEREMONIA-C\u00cdVICA-2-1024x768.jpeg 1024w, https:\/\/elreporterohgo.com\/noticias\/wp-content\/uploads\/2019\/02\/250219-SSPH-CEREMONIA-C\u00cdVICA-2-300x225.jpeg 300w, https:\/\/elreporterohgo.com\/noticias\/wp-content\/uploads\/2019\/02\/250219-SSPH-CEREMONIA-C\u00cdVICA-2-768x576.jpeg 768w, https:\/\/elreporterohgo.com\/noticias\/wp-content\/uploads\/2019\/02\/250219-SSPH-CEREMONIA-C\u00cdVICA-2.jpeg 1032w\" sizes=\"(max-width: 1024px) 100vw, 1024px\" \/><\/figure>\n\n\n\n<figure class=\"wp-block-image\"><img decoding=\"async\" width=\"1024\" height=\"768\" src=\"https::\/\/elreporterohgo.com\/noticias\/wp-content\/uploads\/2019\/02\/250219-SSPH-CEREMONIA-C\u00cdVICA-3-1024x768.jpeg\" alt=\"\" class=\"wp-image-23980\" srcset=\"https:\/\/elreporterohgo.com\/noticias\/wp-content\/uploads\/2019\/02\/250219-SSPH-CEREMONIA-C\u00cdVICA-3-1024x768.jpeg 1024w, https:\/\/elreporterohgo.com\/noticias\/wp-content\/uploads\/2019\/02\/250219-SSPH-CEREMONIA-C\u00cdVICA-3-300x225.jpeg 300w, https:\/\/elreporterohgo.com\/noticias\/wp-content\/uploads\/2019\/02\/250219-SSPH-CEREMONIA-C\u00cdVICA-3-768x576.jpeg 768w, https:\/\/elreporterohgo.com\/noticias\/wp-content\/uploads\/2019\/02\/250219-SSPH-CEREMONIA-C\u00cdVICA-3.jpeg 1032w\" sizes=\"(max-width: 1024px) 100vw, 1024px\" \/><\/figure>\n","protected":false},"excerpt":{"rendered":"<p>Ante comunidad educativa de la Escuela Americana, en Pachuca, Uriel Moreno, Comisario General de la Agencia de Seguridad Estatal, encabez\u00f3 a nombre de Mauricio Delmar, Secretario de Seguridad P\u00fablica, la ceremonia c\u00edvica en el marco del D\u00eda de la Bandera, adem\u00e1s de desarrollarse una jornada de seguridad y audiencia escolar. Con demostraci\u00f3n de la Unidad<\/p>\n","protected":false},"author":2,"featured_media":23980,"comment_status":"open","ping_status":"closed","sticky":false,"template":"","format":"standard","meta":{"footnotes":""},"categories":[10],"tags":[],"class_list":{"0":"post-23978","1":"post","2":"type-post","3":"status-publish","4":"format-standard","5":"has-post-thumbnail","7":"category-hidalgo"},"_links":{"self":[{"href":"https:\/\/elreporterohgo.com\/noticias\/wp-json\/wp\/v2\/posts\/23978","targetHints":{"allow":["GET"]}}],"collection":[{"href":"https:\/\/elreporterohgo.com\/noticias\/wp-json\/wp\/v2\/posts"}],"about":[{"href":"https:\/\/elreporterohgo.com\/noticias\/wp-json\/wp\/v2\/types\/post"}],"author":[{"embeddable":true,"href":"https:\/\/elreporterohgo.com\/noticias\/wp-json\/wp\/v2\/users\/2"}],"replies":[{"embeddable":true,"href":"https:\/\/elreporterohgo.com\/noticias\/wp-json\/wp\/v2\/comments?post=23978"}],"version-history":[{"count":1,"href":"https:\/\/elreporterohgo.com\/noticias\/wp-json\/wp\/v2\/posts\/23978\/revisions"}],"predecessor-version":[{"id":23981,"href":"https:\/\/elreporterohgo.com\/noticias\/wp-json\/wp\/v2\/posts\/23978\/revisions\/23981"}],"wp:featuredmedia":[{"embeddable":true,"href":"https:\/\/elreporterohgo.com\/noticias\/wp-json\/wp\/v2\/media\/23980"}],"wp:attachment":[{"href":"https:\/\/elreporterohgo.com\/noticias\/wp-json\/wp\/v2\/media?parent=23978"}],"wp:term":[{"taxonomy":"category","embeddable":true,"href":"https:\/\/elreporterohgo.com\/noticias\/wp-json\/wp\/v2\/categories?post=23978"},{"taxonomy":"post_tag","embeddable":true,"href":"https:\/\/elreporterohgo.com\/noticias\/wp-json\/wp\/v2\/tags?post=23978"}],"curies":[{"name":"wp","href":"https:\/\/api.w.org\/{rel}","templated":true}]}}