{"id":23961,"date":"2019-02-26T13:08:47","date_gmt":"2019-02-26T19:08:47","guid":{"rendered":"https:\/\/elreporterohgo.com\/noticias\/?p=23961"},"modified":"2019-02-26T13:09:45","modified_gmt":"2019-02-26T19:09:45","slug":"funcionarios-de-mineral-de-la-reforma-capacitados-en-solucion-de-controversias","status":"publish","type":"post","link":"https:\/\/elreporterohgo.com\/noticias\/2019\/02\/26\/funcionarios-de-mineral-de-la-reforma-capacitados-en-solucion-de-controversias\/","title":{"rendered":"FUNCIONARIOS DE MINERAL DE LA REFORMA CAPACITADOS EN SOLUCI\u00d3N DE CONTROVERSIAS"},"content":{"rendered":"\n<p>El gobierno municipal de Mineral de la Reforma llev\u00f3 a cabo el curso de capacitaci\u00f3n \u201cMecanismos Alternativos de soluci\u00f3n de controversias\u201d dirigido al personal del Ayuntamiento, con el perfil de licenciados en derecho, psicolog\u00eda, trabajadores social as\u00ed como a los enlaces pol\u00edticos de la secretaria general municipal, esto como parte de la&nbsp; capacitaci\u00f3n permanentemente a funcionarios municipales, en esta ocasi\u00f3n en temas del Nuevo Sistema de Justicia Penal Acusatorio; e impartido por Martha Ang\u00e9lica Galicia Osorio del&nbsp; Instituto Republicano Internacional (IRI).<\/p>\n\n\n\n<p>Con el objetivo de que el personal cuente con conocimientos sobre las reformas legales en torno al Nuevo Sistema de Justicia en M\u00e9xico, con los elementos jur\u00eddicos b\u00e1sicos, conciliaci\u00f3n y mediaci\u00f3n, justicia restaurativa, una adecuada interpretaci\u00f3n y aplicaci\u00f3n del Nuevo Sistema de Justicia Penal Acusatorio.<\/p>\n\n\n\n<p>Al respecto, Pedro Celestino P\u00e9rez Flores secretario general municipal, clausur\u00f3 este taller con duraci\u00f3n de 10 horas en representaci\u00f3n del alcalde Ra\u00fal Camacho Ba\u00f1os, extendiendo su reconocimiento&nbsp; al personal que asisti\u00f3 a estas capacitaciones que dijo son de gran importancia para realizar su trabajo dentro de la administraci\u00f3n.- \u201cEstos talleres contribuyen a adquirir conocimientos y habilidades que les permiten en materia jur\u00eddica respaldar su trabajo y contribuir con la ciudadan\u00eda a modo de resolver sus dudas y darles los mecanismos y alternativas seg\u00fan sea el caso\u201d.<\/p>\n\n\n\n<p>El secretario general municipal, estuvo acompa\u00f1ado de la sindico hacendaria, Neydy Ivone G\u00f3mez Ba\u00f1os; el contralor municipal, Luis Antonio Canales Le\u00f3n y Nelly \u00c1vila Escamilla, directora de recursos humanos quienes participaron en la entrega de reconocimientos a 45 servidores p\u00fablicos municipales.<\/p>\n\n\n\n<div class=\"wp-block-media-text alignwide\"><figure class=\"wp-block-media-text__media\"><img fetchpriority=\"high\" decoding=\"async\" width=\"300\" height=\"200\" src=\"https::\/\/elreporterohgo.com\/noticias\/wp-content\/uploads\/2019\/02\/Capacitaci\u00f3n-Nuevo-sistema-de-justicia-penal-acusatorio_MR-5-1-300x200.jpeg\" alt=\"\" class=\"wp-image-23964\" srcset=\"https:\/\/elreporterohgo.com\/noticias\/wp-content\/uploads\/2019\/02\/Capacitaci\u00f3n-Nuevo-sistema-de-justicia-penal-acusatorio_MR-5-1-300x200.jpeg 300w, https:\/\/elreporterohgo.com\/noticias\/wp-content\/uploads\/2019\/02\/Capacitaci\u00f3n-Nuevo-sistema-de-justicia-penal-acusatorio_MR-5-1-768x512.jpeg 768w, https:\/\/elreporterohgo.com\/noticias\/wp-content\/uploads\/2019\/02\/Capacitaci\u00f3n-Nuevo-sistema-de-justicia-penal-acusatorio_MR-5-1-1024x682.jpeg 1024w, https:\/\/elreporterohgo.com\/noticias\/wp-content\/uploads\/2019\/02\/Capacitaci\u00f3n-Nuevo-sistema-de-justicia-penal-acusatorio_MR-5-1.jpeg 1280w\" sizes=\"(max-width: 300px) 100vw, 300px\" \/><\/figure><div class=\"wp-block-media-text__content\">\n<p class=\"has-large-font-size\"><\/p>\n<\/div><\/div>\n\n\n\n<figure class=\"wp-block-image is-resized\"><img decoding=\"async\" src=\"https::\/\/elreporterohgo.com\/noticias\/wp-content\/uploads\/2019\/02\/Capacitaci\u00f3n-Nuevo-sistema-de-justicia-penal-acusatorio_MR-4-2-1024x682.jpeg\" alt=\"\" class=\"wp-image-23968\" width=\"288\" height=\"191\" srcset=\"https:\/\/elreporterohgo.com\/noticias\/wp-content\/uploads\/2019\/02\/Capacitaci\u00f3n-Nuevo-sistema-de-justicia-penal-acusatorio_MR-4-2-1024x682.jpeg 1024w, https:\/\/elreporterohgo.com\/noticias\/wp-content\/uploads\/2019\/02\/Capacitaci\u00f3n-Nuevo-sistema-de-justicia-penal-acusatorio_MR-4-2-300x200.jpeg 300w, https:\/\/elreporterohgo.com\/noticias\/wp-content\/uploads\/2019\/02\/Capacitaci\u00f3n-Nuevo-sistema-de-justicia-penal-acusatorio_MR-4-2-768x512.jpeg 768w, https:\/\/elreporterohgo.com\/noticias\/wp-content\/uploads\/2019\/02\/Capacitaci\u00f3n-Nuevo-sistema-de-justicia-penal-acusatorio_MR-4-2.jpeg 1280w\" sizes=\"(max-width: 288px) 100vw, 288px\" \/><\/figure>\n","protected":false},"excerpt":{"rendered":"<p>El gobierno municipal de Mineral de la Reforma llev\u00f3 a cabo el curso de capacitaci\u00f3n \u201cMecanismos Alternativos de soluci\u00f3n de controversias\u201d dirigido al personal del Ayuntamiento, con el perfil de licenciados en derecho, psicolog\u00eda, trabajadores social as\u00ed como a los enlaces pol\u00edticos de la secretaria general municipal, esto como parte de la&nbsp; capacitaci\u00f3n permanentemente a<\/p>\n","protected":false},"author":2,"featured_media":23963,"comment_status":"open","ping_status":"closed","sticky":false,"template":"","format":"standard","meta":{"footnotes":""},"categories":[10],"tags":[],"class_list":{"0":"post-23961","1":"post","2":"type-post","3":"status-publish","4":"format-standard","5":"has-post-thumbnail","7":"category-hidalgo"},"_links":{"self":[{"href":"https:\/\/elreporterohgo.com\/noticias\/wp-json\/wp\/v2\/posts\/23961","targetHints":{"allow":["GET"]}}],"collection":[{"href":"https:\/\/elreporterohgo.com\/noticias\/wp-json\/wp\/v2\/posts"}],"about":[{"href":"https:\/\/elreporterohgo.com\/noticias\/wp-json\/wp\/v2\/types\/post"}],"author":[{"embeddable":true,"href":"https:\/\/elreporterohgo.com\/noticias\/wp-json\/wp\/v2\/users\/2"}],"replies":[{"embeddable":true,"href":"https:\/\/elreporterohgo.com\/noticias\/wp-json\/wp\/v2\/comments?post=23961"}],"version-history":[{"count":3,"href":"https:\/\/elreporterohgo.com\/noticias\/wp-json\/wp\/v2\/posts\/23961\/revisions"}],"predecessor-version":[{"id":23970,"href":"https:\/\/elreporterohgo.com\/noticias\/wp-json\/wp\/v2\/posts\/23961\/revisions\/23970"}],"wp:featuredmedia":[{"embeddable":true,"href":"https:\/\/elreporterohgo.com\/noticias\/wp-json\/wp\/v2\/media\/23963"}],"wp:attachment":[{"href":"https:\/\/elreporterohgo.com\/noticias\/wp-json\/wp\/v2\/media?parent=23961"}],"wp:term":[{"taxonomy":"category","embeddable":true,"href":"https:\/\/elreporterohgo.com\/noticias\/wp-json\/wp\/v2\/categories?post=23961"},{"taxonomy":"post_tag","embeddable":true,"href":"https:\/\/elreporterohgo.com\/noticias\/wp-json\/wp\/v2\/tags?post=23961"}],"curies":[{"name":"wp","href":"https:\/\/api.w.org\/{rel}","templated":true}]}}