{"id":23924,"date":"2019-02-25T22:38:13","date_gmt":"2019-02-26T04:38:13","guid":{"rendered":"https:\/\/elreporterohgo.com\/noticias\/?p=23924"},"modified":"2019-02-25T22:45:22","modified_gmt":"2019-02-26T04:45:22","slug":"aparatosa-volcadura-de-un-chevy","status":"publish","type":"post","link":"https:\/\/elreporterohgo.com\/noticias\/2019\/02\/25\/aparatosa-volcadura-de-un-chevy\/","title":{"rendered":"Aparatosa volcadura de un Chevy"},"content":{"rendered":"<p>&nbsp;<\/p>\n<p>Dos personas con lesiones menores<\/p>\n<p>ZEMPOALA, Hgo. &#8211; Sobre la carretera federal M\u00e9xico-Tulancingo, muy cerca del crucero a Santo Tom\u00e1s, la tarde de ayer, se registr\u00f3 la volcadura de un autom\u00f3vil con saldo de dos lesionados leves y da\u00f1os materiales.<\/p>\n<p>Aproximadamente a las 16:20 horas de ayer, al n\u00famero de emergencia 911 se report\u00f3 la volcadura de un autom\u00f3vil en el referido tramo carretero, se pidi\u00f3 el apoyo de la Cruz Roja.<\/p>\n<p>Acudieron param\u00e9dicos de la benem\u00e9rita instituci\u00f3n quienes atendieron a dos personas identificadas por sus iniciales como G.V.E. y A.D.C.H. de 28 y 23 a\u00f1os de edad, respectivamente, mismo que \u00fanicamente fueron valorados no fue necesaria su hospitalizaci\u00f3n.<\/p>\n<p>Asisti\u00f3 la Polic\u00eda Municipal de Zempoala que refiri\u00f3 se el autom\u00f3vil accidentado fue un Chevrolet, Monza, color gris, matr\u00edcula HRA294A, mismo que qued\u00f3 muy da\u00f1ado.<\/p>\n\n\n<figure class=\"wp-block-image\"><img fetchpriority=\"high\" decoding=\"async\" width=\"448\" height=\"295\" src=\"https::\/\/elreporterohgo.com\/noticias\/wp-content\/uploads\/2019\/02\/IMG-20190224-WA0028.jpg\" alt=\"\" class=\"wp-image-23959\" srcset=\"https:\/\/elreporterohgo.com\/noticias\/wp-content\/uploads\/2019\/02\/IMG-20190224-WA0028.jpg 448w, https:\/\/elreporterohgo.com\/noticias\/wp-content\/uploads\/2019\/02\/IMG-20190224-WA0028-300x198.jpg 300w\" sizes=\"(max-width: 448px) 100vw, 448px\" \/><\/figure>\n\n\n","protected":false},"excerpt":{"rendered":"<p>&nbsp; Dos personas con lesiones menores ZEMPOALA, Hgo. &#8211; Sobre la carretera federal M\u00e9xico-Tulancingo, muy cerca del crucero a Santo Tom\u00e1s, la tarde de ayer, se registr\u00f3 la volcadura de un autom\u00f3vil con saldo de dos lesionados leves y da\u00f1os materiales. Aproximadamente a las 16:20 horas de ayer, al n\u00famero de emergencia 911 se report\u00f3<\/p>\n","protected":false},"author":2,"featured_media":23959,"comment_status":"open","ping_status":"closed","sticky":false,"template":"","format":"standard","meta":{"footnotes":""},"categories":[10],"tags":[],"class_list":{"0":"post-23924","1":"post","2":"type-post","3":"status-publish","4":"format-standard","5":"has-post-thumbnail","7":"category-hidalgo"},"_links":{"self":[{"href":"https:\/\/elreporterohgo.com\/noticias\/wp-json\/wp\/v2\/posts\/23924","targetHints":{"allow":["GET"]}}],"collection":[{"href":"https:\/\/elreporterohgo.com\/noticias\/wp-json\/wp\/v2\/posts"}],"about":[{"href":"https:\/\/elreporterohgo.com\/noticias\/wp-json\/wp\/v2\/types\/post"}],"author":[{"embeddable":true,"href":"https:\/\/elreporterohgo.com\/noticias\/wp-json\/wp\/v2\/users\/2"}],"replies":[{"embeddable":true,"href":"https:\/\/elreporterohgo.com\/noticias\/wp-json\/wp\/v2\/comments?post=23924"}],"version-history":[{"count":1,"href":"https:\/\/elreporterohgo.com\/noticias\/wp-json\/wp\/v2\/posts\/23924\/revisions"}],"predecessor-version":[{"id":23960,"href":"https:\/\/elreporterohgo.com\/noticias\/wp-json\/wp\/v2\/posts\/23924\/revisions\/23960"}],"wp:featuredmedia":[{"embeddable":true,"href":"https:\/\/elreporterohgo.com\/noticias\/wp-json\/wp\/v2\/media\/23959"}],"wp:attachment":[{"href":"https:\/\/elreporterohgo.com\/noticias\/wp-json\/wp\/v2\/media?parent=23924"}],"wp:term":[{"taxonomy":"category","embeddable":true,"href":"https:\/\/elreporterohgo.com\/noticias\/wp-json\/wp\/v2\/categories?post=23924"},{"taxonomy":"post_tag","embeddable":true,"href":"https:\/\/elreporterohgo.com\/noticias\/wp-json\/wp\/v2\/tags?post=23924"}],"curies":[{"name":"wp","href":"https:\/\/api.w.org\/{rel}","templated":true}]}}