{"id":23876,"date":"2019-02-21T23:18:41","date_gmt":"2019-02-22T05:18:41","guid":{"rendered":"https:\/\/elreporterohgo.com\/noticias\/?p=23876"},"modified":"2019-02-21T23:18:41","modified_gmt":"2019-02-22T05:18:41","slug":"inauguran-aula-de-preescolar-comunitario","status":"publish","type":"post","link":"https:\/\/elreporterohgo.com\/noticias\/2019\/02\/21\/inauguran-aula-de-preescolar-comunitario\/","title":{"rendered":"Inauguran aula de preescolar comunitario"},"content":{"rendered":"<p><a href=\"https::\/\/elreporterohgo.com\/noticias\/wp-content\/uploads\/2019\/02\/52872333_2065220263591281_5163916532341800960_n.jpg\"><img fetchpriority=\"high\" decoding=\"async\" class=\"alignnone size-medium wp-image-23877\" src=\"https::\/\/elreporterohgo.com\/noticias\/wp-content\/uploads\/2019\/02\/52872333_2065220263591281_5163916532341800960_n-300x225.jpg\" alt=\"\" width=\"300\" height=\"225\" srcset=\"https:\/\/elreporterohgo.com\/noticias\/wp-content\/uploads\/2019\/02\/52872333_2065220263591281_5163916532341800960_n-300x225.jpg 300w, https:\/\/elreporterohgo.com\/noticias\/wp-content\/uploads\/2019\/02\/52872333_2065220263591281_5163916532341800960_n-768x576.jpg 768w, https:\/\/elreporterohgo.com\/noticias\/wp-content\/uploads\/2019\/02\/52872333_2065220263591281_5163916532341800960_n.jpg 960w\" sizes=\"(max-width: 300px) 100vw, 300px\" \/><\/a><a href=\"https::\/\/elreporterohgo.com\/noticias\/wp-content\/uploads\/2019\/02\/52576405_2065220210257953_6233672566561570816_n.jpg\"><img decoding=\"async\" class=\"alignnone size-medium wp-image-23878\" src=\"https::\/\/elreporterohgo.com\/noticias\/wp-content\/uploads\/2019\/02\/52576405_2065220210257953_6233672566561570816_n-300x189.jpg\" alt=\"\" width=\"300\" height=\"189\" srcset=\"https:\/\/elreporterohgo.com\/noticias\/wp-content\/uploads\/2019\/02\/52576405_2065220210257953_6233672566561570816_n-300x189.jpg 300w, https:\/\/elreporterohgo.com\/noticias\/wp-content\/uploads\/2019\/02\/52576405_2065220210257953_6233672566561570816_n-768x484.jpg 768w, https:\/\/elreporterohgo.com\/noticias\/wp-content\/uploads\/2019\/02\/52576405_2065220210257953_6233672566561570816_n.jpg 940w\" sizes=\"(max-width: 300px) 100vw, 300px\" \/><\/a><\/p>\n<p>TEPEAPULCO, Hgo. &#8211; El Presidente Municipal Alfonso Delgadillo, asisti\u00f3 a la inauguraci\u00f3n de la Construcci\u00f3n de Aula del preescolar comunitario Emiliano Zapata para CONAFE en la comunidad de Texcatzongo, la cual es el primer m\u00f3dulo escolar que cumple con la normalidad de INIFED e INHIFE, para factores de sismos, beneficiando a m\u00e1s de 50 alumnos.<\/p>\n<p>Esta obra consta de una construcci\u00f3n de 8 X 6 m. en la que se distribuyen:<\/p>\n<p>Espacio para toma de clases (Aula), 2 M\u00f3dulos de sanitarios para alumnos, 1 Dormitorio para la Profesora que cuenta con sanitario completo.<\/p>\n<p>Los trabajos que se realizaron son:<\/p>\n<p>&#8211; Cimentaci\u00f3n a base de mamposter\u00eda<\/p>\n<p>&#8211; Estructura de concreto armado<\/p>\n<p>&#8211; Alba\u00f1iler\u00eda en general<\/p>\n<p>&#8211; Acabados<\/p>\n<p>&#8211; Instalaciones (el\u00e9ctrica, hidr\u00e1ulica, sanitaria)<\/p>\n<p>&#8211; Canceler\u00eda<\/p>\n<p>A este evento asisti\u00f3 La Diputada Plurinominal, Mayka Ortega Eguiluz; as\u00ed como autoridades municipales, quienes han realizado un arduo trabajo para lograr aterrizar estos proyectos en Tepeapulco.<\/p>\n<p>El Presidente de Tepeapulco agradeci\u00f3 el impulso de los programas que le otorga el Gobierno del Estado de Hidalgo, expres\u00f3 que estas gestiones permiten que los recursos lleguen en tiempo al municipio de Tepeapulco para que se puedan utilizar de manera inmediata, como en este jard\u00edn de ni\u00f1os, en donde aqu\u00ed iniciar\u00e1n los sue\u00f1os de futuros profesionistas.<\/p>\n<p>&nbsp;<\/p>\n","protected":false},"excerpt":{"rendered":"<p>TEPEAPULCO, Hgo. &#8211; El Presidente Municipal Alfonso Delgadillo, asisti\u00f3 a la inauguraci\u00f3n de la Construcci\u00f3n de Aula del preescolar comunitario Emiliano Zapata para CONAFE en la comunidad de Texcatzongo, la cual es el primer m\u00f3dulo escolar que cumple con la normalidad de INIFED e INHIFE, para factores de sismos, beneficiando a m\u00e1s de 50 alumnos.<\/p>\n","protected":false},"author":2,"featured_media":23877,"comment_status":"open","ping_status":"closed","sticky":false,"template":"","format":"standard","meta":{"footnotes":""},"categories":[10],"tags":[],"class_list":{"0":"post-23876","1":"post","2":"type-post","3":"status-publish","4":"format-standard","5":"has-post-thumbnail","7":"category-hidalgo"},"_links":{"self":[{"href":"https:\/\/elreporterohgo.com\/noticias\/wp-json\/wp\/v2\/posts\/23876","targetHints":{"allow":["GET"]}}],"collection":[{"href":"https:\/\/elreporterohgo.com\/noticias\/wp-json\/wp\/v2\/posts"}],"about":[{"href":"https:\/\/elreporterohgo.com\/noticias\/wp-json\/wp\/v2\/types\/post"}],"author":[{"embeddable":true,"href":"https:\/\/elreporterohgo.com\/noticias\/wp-json\/wp\/v2\/users\/2"}],"replies":[{"embeddable":true,"href":"https:\/\/elreporterohgo.com\/noticias\/wp-json\/wp\/v2\/comments?post=23876"}],"version-history":[{"count":2,"href":"https:\/\/elreporterohgo.com\/noticias\/wp-json\/wp\/v2\/posts\/23876\/revisions"}],"predecessor-version":[{"id":23880,"href":"https:\/\/elreporterohgo.com\/noticias\/wp-json\/wp\/v2\/posts\/23876\/revisions\/23880"}],"wp:featuredmedia":[{"embeddable":true,"href":"https:\/\/elreporterohgo.com\/noticias\/wp-json\/wp\/v2\/media\/23877"}],"wp:attachment":[{"href":"https:\/\/elreporterohgo.com\/noticias\/wp-json\/wp\/v2\/media?parent=23876"}],"wp:term":[{"taxonomy":"category","embeddable":true,"href":"https:\/\/elreporterohgo.com\/noticias\/wp-json\/wp\/v2\/categories?post=23876"},{"taxonomy":"post_tag","embeddable":true,"href":"https:\/\/elreporterohgo.com\/noticias\/wp-json\/wp\/v2\/tags?post=23876"}],"curies":[{"name":"wp","href":"https:\/\/api.w.org\/{rel}","templated":true}]}}