{"id":23870,"date":"2019-02-21T20:35:19","date_gmt":"2019-02-22T02:35:19","guid":{"rendered":"https:\/\/elreporterohgo.com\/noticias\/?p=23870"},"modified":"2019-02-21T20:35:19","modified_gmt":"2019-02-22T02:35:19","slug":"voz-y-voto-a-la-practica-profesional-de-los-hidalguenses","status":"publish","type":"post","link":"https:\/\/elreporterohgo.com\/noticias\/2019\/02\/21\/voz-y-voto-a-la-practica-profesional-de-los-hidalguenses\/","title":{"rendered":"Voz y voto a la pr\u00e1ctica profesional de los hidalguenses"},"content":{"rendered":"<h1><\/h1>\n<p><a href=\"https::\/\/elreporterohgo.com\/noticias\/wp-content\/uploads\/2019\/02\/unnamed-85-2.jpg\"><img fetchpriority=\"high\" decoding=\"async\" class=\"alignnone size-medium wp-image-23873\" src=\"https::\/\/elreporterohgo.com\/noticias\/wp-content\/uploads\/2019\/02\/unnamed-85-2-300x189.jpg\" alt=\"\" width=\"300\" height=\"189\" srcset=\"https:\/\/elreporterohgo.com\/noticias\/wp-content\/uploads\/2019\/02\/unnamed-85-2-300x189.jpg 300w, https:\/\/elreporterohgo.com\/noticias\/wp-content\/uploads\/2019\/02\/unnamed-85-2-768x484.jpg 768w, https:\/\/elreporterohgo.com\/noticias\/wp-content\/uploads\/2019\/02\/unnamed-85-2-1024x645.jpg 1024w\" sizes=\"(max-width: 300px) 100vw, 300px\" \/><\/a><\/p>\n<p>Pachuca, Hgo. &#8211;\u00a0Con la finalidad de dar voz y voto a la pr\u00e1ctica profesional de los hidalguenses incorporando a la oferta educativa las herramientas y valores necesarios, el gobernador Omar Fayad encabez\u00f3 la toma de protesta del Consejo Estatal de Profesiones.<\/p>\n<p>A una d\u00e9cada desde que fuera aprobada la ley del Ejercicio Profesional del Estado de Hidalgo, el mandatario se pronunci\u00f3 a favor de que sean los \u00f3rganos colegiados quienes supervisen la capacitaci\u00f3n permanente de los egresados, a fin de ofrecer a la sociedad profesionistas de la m\u00e1s alta integridad y competencia.<\/p>\n<p>\u201cPor eso, mi gobierno dise\u00f1\u00f3 una nueva pol\u00edtica para ampliar la oferta educativa a trav\u00e9s de la tecnolog\u00eda\u201d se\u00f1al\u00f3.<\/p>\n<p>Ante rectores, directores y representantes de instituciones de educaci\u00f3n Media Superior y Superior, del sector productivo y el Consejo Coordinador Empresarial, Atilano Rodr\u00edguez P\u00e9rez, secretario de Educaci\u00f3n P\u00fablica del estado, manifest\u00f3 que en apego a la pol\u00edtica establecida por el mandatario Omar Fayad, se ha alcanzado en la entidad una cobertura en este nivel del 41.4 por ciento, cifra que se ubica por encima de la media nacional.<\/p>\n<p>Por lo que este nuevo organismo, tendr\u00e1 la funci\u00f3n de consolidar un espacio en el que los colegios logren su prop\u00f3sito de garantizar que se cuente con los profesionistas que requiere el estado.<\/p>\n<p>V\u00edctor Rodr\u00edguez Gaona, director general de profesiones y presidente del Consejo Estatal de Profesiones afirm\u00f3 que, el priorizar la educaci\u00f3n es una de las estrategias fundamentales para esta administraci\u00f3n, de ah\u00ed la importancia de este organismo que hoy se consolid\u00f3 para la defensa del ejercicio profesional.<\/p>\n<p>Insisti\u00f3 en que es un orgullo ser de Hidalgo, d\u00f3nde se impulsan importantes proyectos como la Universidad Digital, o la propuesta de instalaci\u00f3n del Sincrotr\u00f3n, entre otros, que ponen en alto el nombre de la entidad.<\/p>\n<p>Cabe se\u00f1alar que el Consejo de Profesiones tiene la finalidad de agilizar tr\u00e1mites con los profesionistas hidalguenses, por lo que en el \u00faltimo a\u00f1o permiti\u00f3 la entrega de 23 mil t\u00edtulos.<\/p>\n<p>Est\u00e1 integrado por los presidentes de los Colegios, representantes de cada instituci\u00f3n de Educaci\u00f3n Superior, pertenecientes al Sistema Educativo Nacional, del sector productivo y de la Direcci\u00f3n General de Profesiones del mismo instituto, quien lo preside.<\/p>\n","protected":false},"excerpt":{"rendered":"<p>Pachuca, Hgo. &#8211;\u00a0Con la finalidad de dar voz y voto a la pr\u00e1ctica profesional de los hidalguenses incorporando a la oferta educativa las herramientas y valores necesarios, el gobernador Omar Fayad encabez\u00f3 la toma de protesta del Consejo Estatal de Profesiones. A una d\u00e9cada desde que fuera aprobada la ley del Ejercicio Profesional del Estado<\/p>\n","protected":false},"author":2,"featured_media":23873,"comment_status":"open","ping_status":"closed","sticky":false,"template":"","format":"standard","meta":{"footnotes":""},"categories":[10],"tags":[],"class_list":{"0":"post-23870","1":"post","2":"type-post","3":"status-publish","4":"format-standard","5":"has-post-thumbnail","7":"category-hidalgo"},"_links":{"self":[{"href":"https:\/\/elreporterohgo.com\/noticias\/wp-json\/wp\/v2\/posts\/23870","targetHints":{"allow":["GET"]}}],"collection":[{"href":"https:\/\/elreporterohgo.com\/noticias\/wp-json\/wp\/v2\/posts"}],"about":[{"href":"https:\/\/elreporterohgo.com\/noticias\/wp-json\/wp\/v2\/types\/post"}],"author":[{"embeddable":true,"href":"https:\/\/elreporterohgo.com\/noticias\/wp-json\/wp\/v2\/users\/2"}],"replies":[{"embeddable":true,"href":"https:\/\/elreporterohgo.com\/noticias\/wp-json\/wp\/v2\/comments?post=23870"}],"version-history":[{"count":2,"href":"https:\/\/elreporterohgo.com\/noticias\/wp-json\/wp\/v2\/posts\/23870\/revisions"}],"predecessor-version":[{"id":23875,"href":"https:\/\/elreporterohgo.com\/noticias\/wp-json\/wp\/v2\/posts\/23870\/revisions\/23875"}],"wp:featuredmedia":[{"embeddable":true,"href":"https:\/\/elreporterohgo.com\/noticias\/wp-json\/wp\/v2\/media\/23873"}],"wp:attachment":[{"href":"https:\/\/elreporterohgo.com\/noticias\/wp-json\/wp\/v2\/media?parent=23870"}],"wp:term":[{"taxonomy":"category","embeddable":true,"href":"https:\/\/elreporterohgo.com\/noticias\/wp-json\/wp\/v2\/categories?post=23870"},{"taxonomy":"post_tag","embeddable":true,"href":"https:\/\/elreporterohgo.com\/noticias\/wp-json\/wp\/v2\/tags?post=23870"}],"curies":[{"name":"wp","href":"https:\/\/api.w.org\/{rel}","templated":true}]}}