{"id":23856,"date":"2019-02-21T19:09:09","date_gmt":"2019-02-22T01:09:09","guid":{"rendered":"https:\/\/elreporterohgo.com\/noticias\/?p=23856"},"modified":"2019-02-21T19:09:09","modified_gmt":"2019-02-22T01:09:09","slug":"emotivo-el-festejo-de-san-valentin","status":"publish","type":"post","link":"https:\/\/elreporterohgo.com\/noticias\/2019\/02\/21\/emotivo-el-festejo-de-san-valentin\/","title":{"rendered":"Emotivo el festejo de San Valent\u00edn"},"content":{"rendered":"<p><a href=\"https::\/\/elreporterohgo.com\/noticias\/wp-content\/uploads\/2019\/02\/Imagen9.jpg\"><img fetchpriority=\"high\" decoding=\"async\" class=\"alignnone size-medium wp-image-23857\" src=\"https::\/\/elreporterohgo.com\/noticias\/wp-content\/uploads\/2019\/02\/Imagen9-300x200.jpg\" alt=\"\" width=\"300\" height=\"200\" srcset=\"https:\/\/elreporterohgo.com\/noticias\/wp-content\/uploads\/2019\/02\/Imagen9-300x200.jpg 300w, https:\/\/elreporterohgo.com\/noticias\/wp-content\/uploads\/2019\/02\/Imagen9-768x512.jpg 768w, https:\/\/elreporterohgo.com\/noticias\/wp-content\/uploads\/2019\/02\/Imagen9-1024x682.jpg 1024w, https:\/\/elreporterohgo.com\/noticias\/wp-content\/uploads\/2019\/02\/Imagen9.jpg 1688w\" sizes=\"(max-width: 300px) 100vw, 300px\" \/><\/a><a href=\"https::\/\/elreporterohgo.com\/noticias\/wp-content\/uploads\/2019\/02\/Imagen10.jpg\"><img decoding=\"async\" class=\"alignnone size-medium wp-image-23858\" src=\"https::\/\/elreporterohgo.com\/noticias\/wp-content\/uploads\/2019\/02\/Imagen10-300x200.jpg\" alt=\"\" width=\"300\" height=\"200\" srcset=\"https:\/\/elreporterohgo.com\/noticias\/wp-content\/uploads\/2019\/02\/Imagen10-300x200.jpg 300w, https:\/\/elreporterohgo.com\/noticias\/wp-content\/uploads\/2019\/02\/Imagen10-768x512.jpg 768w, https:\/\/elreporterohgo.com\/noticias\/wp-content\/uploads\/2019\/02\/Imagen10-1024x682.jpg 1024w, https:\/\/elreporterohgo.com\/noticias\/wp-content\/uploads\/2019\/02\/Imagen10.jpg 1688w\" sizes=\"(max-width: 300px) 100vw, 300px\" \/><\/a><\/p>\n<p>Treinta parejas contrajeron matrimonio<\/p>\n<p>APAN, Hgo.- Por tercer a\u00f1o consecutivo, el 14 de Febrero, d\u00eda del amor y la amistad, \u00a0se convirti\u00f3 en una fecha de celebraci\u00f3n en la explanada del jard\u00edn municipal de Apan, ya que 32 parejas se casaron legalmente en la ceremonia de Matrimonios Colectivos 2019, realizada por la Oficial\u00eda del Registro del Estado Familiar Municipal; en donde los conyugues obtuvieron sus actas de matrimonio de manos de la Presidenta Municipal, la Profesora Mar\u00eda Antonieta de los \u00c1ngeles Anaya Ortega, acompa\u00f1ada de miembros del H. Ayuntamiento Municipal y funcionarios de la administraci\u00f3n.<\/p>\n<p>En nombre de los contrayentes, la pareja m\u00e1s longeva agradeci\u00f3 a las autoridades por facilitar los tr\u00e1mites correspondientes para iniciar una etapa de sus vidas o en algunos casos para continuar con las relaciones ya establecidas pero que por alg\u00fan motivo no hab\u00edan podido formalizar su estado civil.<\/p>\n<p>El Lic. Rodrigo Jim\u00e9nez Ram\u00edrez, Oficial del Registro del Estado Familiar de Apan, invit\u00f3 a \u201cvincular los cimientos basados en amor, confianza y respeto para fortalecer la uni\u00f3n que ahora tienen\u2026 recordando que el matrimonio es la figura jur\u00eddica que garantiza todos los derechos como pareja\u201d.<\/p>\n<p>&nbsp;<\/p>\n<p>&nbsp;<\/p>\n","protected":false},"excerpt":{"rendered":"<p>Treinta parejas contrajeron matrimonio APAN, Hgo.- Por tercer a\u00f1o consecutivo, el 14 de Febrero, d\u00eda del amor y la amistad, \u00a0se convirti\u00f3 en una fecha de celebraci\u00f3n en la explanada del jard\u00edn municipal de Apan, ya que 32 parejas se casaron legalmente en la ceremonia de Matrimonios Colectivos 2019, realizada por la Oficial\u00eda del Registro<\/p>\n","protected":false},"author":2,"featured_media":23859,"comment_status":"open","ping_status":"closed","sticky":false,"template":"","format":"standard","meta":{"footnotes":""},"categories":[10],"tags":[],"class_list":{"0":"post-23856","1":"post","2":"type-post","3":"status-publish","4":"format-standard","5":"has-post-thumbnail","7":"category-hidalgo"},"_links":{"self":[{"href":"https:\/\/elreporterohgo.com\/noticias\/wp-json\/wp\/v2\/posts\/23856","targetHints":{"allow":["GET"]}}],"collection":[{"href":"https:\/\/elreporterohgo.com\/noticias\/wp-json\/wp\/v2\/posts"}],"about":[{"href":"https:\/\/elreporterohgo.com\/noticias\/wp-json\/wp\/v2\/types\/post"}],"author":[{"embeddable":true,"href":"https:\/\/elreporterohgo.com\/noticias\/wp-json\/wp\/v2\/users\/2"}],"replies":[{"embeddable":true,"href":"https:\/\/elreporterohgo.com\/noticias\/wp-json\/wp\/v2\/comments?post=23856"}],"version-history":[{"count":2,"href":"https:\/\/elreporterohgo.com\/noticias\/wp-json\/wp\/v2\/posts\/23856\/revisions"}],"predecessor-version":[{"id":23861,"href":"https:\/\/elreporterohgo.com\/noticias\/wp-json\/wp\/v2\/posts\/23856\/revisions\/23861"}],"wp:featuredmedia":[{"embeddable":true,"href":"https:\/\/elreporterohgo.com\/noticias\/wp-json\/wp\/v2\/media\/23859"}],"wp:attachment":[{"href":"https:\/\/elreporterohgo.com\/noticias\/wp-json\/wp\/v2\/media?parent=23856"}],"wp:term":[{"taxonomy":"category","embeddable":true,"href":"https:\/\/elreporterohgo.com\/noticias\/wp-json\/wp\/v2\/categories?post=23856"},{"taxonomy":"post_tag","embeddable":true,"href":"https:\/\/elreporterohgo.com\/noticias\/wp-json\/wp\/v2\/tags?post=23856"}],"curies":[{"name":"wp","href":"https:\/\/api.w.org\/{rel}","templated":true}]}}