{"id":23818,"date":"2019-02-19T03:17:39","date_gmt":"2019-02-19T09:17:39","guid":{"rendered":"https:\/\/elreporterohgo.com\/noticias\/?p=23818"},"modified":"2019-02-19T03:17:51","modified_gmt":"2019-02-19T09:17:51","slug":"matrimonios-colectivos-en-almoloya","status":"publish","type":"post","link":"https:\/\/elreporterohgo.com\/noticias\/2019\/02\/19\/matrimonios-colectivos-en-almoloya\/","title":{"rendered":"Matrimonios colectivos en Almoloya"},"content":{"rendered":"<p>&nbsp;<\/p>\n<p><a href=\"https::\/\/elreporterohgo.com\/noticias\/wp-content\/uploads\/2019\/02\/PHOTO-2019-02-16-21-04-17-2.jpg\"><img fetchpriority=\"high\" decoding=\"async\" class=\"alignnone size-medium wp-image-23819\" src=\"https::\/\/elreporterohgo.com\/noticias\/wp-content\/uploads\/2019\/02\/PHOTO-2019-02-16-21-04-17-2-300x200.jpg\" alt=\"\" width=\"300\" height=\"200\" srcset=\"https:\/\/elreporterohgo.com\/noticias\/wp-content\/uploads\/2019\/02\/PHOTO-2019-02-16-21-04-17-2-300x200.jpg 300w, https:\/\/elreporterohgo.com\/noticias\/wp-content\/uploads\/2019\/02\/PHOTO-2019-02-16-21-04-17-2-768x512.jpg 768w, https:\/\/elreporterohgo.com\/noticias\/wp-content\/uploads\/2019\/02\/PHOTO-2019-02-16-21-04-17-2-1024x683.jpg 1024w, https:\/\/elreporterohgo.com\/noticias\/wp-content\/uploads\/2019\/02\/PHOTO-2019-02-16-21-04-17-2.jpg 1080w\" sizes=\"(max-width: 300px) 100vw, 300px\" \/><\/a><a href=\"https::\/\/elreporterohgo.com\/noticias\/wp-content\/uploads\/2019\/02\/PHOTO-2019-02-16-21-04-17.jpg\"><img decoding=\"async\" class=\"alignnone size-medium wp-image-23820\" src=\"https::\/\/elreporterohgo.com\/noticias\/wp-content\/uploads\/2019\/02\/PHOTO-2019-02-16-21-04-17-300x200.jpg\" alt=\"\" width=\"300\" height=\"200\" srcset=\"https:\/\/elreporterohgo.com\/noticias\/wp-content\/uploads\/2019\/02\/PHOTO-2019-02-16-21-04-17-300x200.jpg 300w, https:\/\/elreporterohgo.com\/noticias\/wp-content\/uploads\/2019\/02\/PHOTO-2019-02-16-21-04-17-768x512.jpg 768w, https:\/\/elreporterohgo.com\/noticias\/wp-content\/uploads\/2019\/02\/PHOTO-2019-02-16-21-04-17-1024x683.jpg 1024w, https:\/\/elreporterohgo.com\/noticias\/wp-content\/uploads\/2019\/02\/PHOTO-2019-02-16-21-04-17.jpg 1080w\" sizes=\"(max-width: 300px) 100vw, 300px\" \/><\/a><\/p>\n<p>ALMOLOYA, Hgo.- Con singular \u00e9xito se llev\u00f3 a cabo la campa\u00f1a de matrimonios colectivos para celebrar el d\u00eda del amor y la amistad.<\/p>\n<p>El alcalde V\u00edctor Manuel Hern\u00e1ndez Paredes dio a conocer que Presidencia Municipal en coordinaci\u00f3n con el Registro del Estado Familiar organiz\u00f3 la campa\u00f1a de matrimonios colectivos gratuitos.<\/p>\n<p>El objetivo es brindar\u00a0certeza jur\u00eddica\u00a0a las parejas\u00a0 que viven en uni\u00f3n libre y que por distintas circunstancias no hab\u00edan podido regularizar su uni\u00f3n ante la sociedad.<\/p>\n<p>La ceremonia se llev\u00f3 a cabo al medio d\u00eda del 14 de febrero, en la sala de cabildo donde cuatro parejas contrajeron matrimonio civil.<\/p>\n<p>Durante el evento menciono a los asistentes que, gracias a la aprobaci\u00f3n del pleno del cabildo, fueron gratuitos los tr\u00e1mites en la oficina del Registro del Estado Familiar.<\/p>\n<p>La campa\u00f1a tiene como objetivo otorgar seguridad y certidumbre jur\u00eddica a las familias Almoloyenses, se les ha brindado la facilidad del matrimonio a las parejas que viven en uni\u00f3n libre.<\/p>\n<p>A las cuatro parejas que decidieron contraer matrimonio se les entrego un obsequio por su reciente uni\u00f3n, al final de la ceremonia se vivi\u00f3 un ambiente de alegr\u00eda entre los contrayentes y sus invitados.<\/p>\n<p><a href=\"https::\/\/elreporterohgo.com\/noticias\/wp-content\/uploads\/2019\/02\/PHOTO-2019-02-16-21-04-17-1.jpg\"><img decoding=\"async\" class=\"alignnone size-medium wp-image-23821\" src=\"https::\/\/elreporterohgo.com\/noticias\/wp-content\/uploads\/2019\/02\/PHOTO-2019-02-16-21-04-17-1-300x200.jpg\" alt=\"\" width=\"300\" height=\"200\" srcset=\"https:\/\/elreporterohgo.com\/noticias\/wp-content\/uploads\/2019\/02\/PHOTO-2019-02-16-21-04-17-1-300x200.jpg 300w, https:\/\/elreporterohgo.com\/noticias\/wp-content\/uploads\/2019\/02\/PHOTO-2019-02-16-21-04-17-1-768x512.jpg 768w, https:\/\/elreporterohgo.com\/noticias\/wp-content\/uploads\/2019\/02\/PHOTO-2019-02-16-21-04-17-1-1024x683.jpg 1024w, https:\/\/elreporterohgo.com\/noticias\/wp-content\/uploads\/2019\/02\/PHOTO-2019-02-16-21-04-17-1.jpg 1080w\" sizes=\"(max-width: 300px) 100vw, 300px\" \/><\/a><\/p>\n","protected":false},"excerpt":{"rendered":"<p>&nbsp; ALMOLOYA, Hgo.- Con singular \u00e9xito se llev\u00f3 a cabo la campa\u00f1a de matrimonios colectivos para celebrar el d\u00eda del amor y la amistad. El alcalde V\u00edctor Manuel Hern\u00e1ndez Paredes dio a conocer que Presidencia Municipal en coordinaci\u00f3n con el Registro del Estado Familiar organiz\u00f3 la campa\u00f1a de matrimonios colectivos gratuitos. El objetivo es brindar\u00a0certeza<\/p>\n","protected":false},"author":2,"featured_media":23820,"comment_status":"open","ping_status":"closed","sticky":false,"template":"","format":"standard","meta":{"footnotes":""},"categories":[10],"tags":[],"class_list":{"0":"post-23818","1":"post","2":"type-post","3":"status-publish","4":"format-standard","5":"has-post-thumbnail","7":"category-hidalgo"},"_links":{"self":[{"href":"https:\/\/elreporterohgo.com\/noticias\/wp-json\/wp\/v2\/posts\/23818","targetHints":{"allow":["GET"]}}],"collection":[{"href":"https:\/\/elreporterohgo.com\/noticias\/wp-json\/wp\/v2\/posts"}],"about":[{"href":"https:\/\/elreporterohgo.com\/noticias\/wp-json\/wp\/v2\/types\/post"}],"author":[{"embeddable":true,"href":"https:\/\/elreporterohgo.com\/noticias\/wp-json\/wp\/v2\/users\/2"}],"replies":[{"embeddable":true,"href":"https:\/\/elreporterohgo.com\/noticias\/wp-json\/wp\/v2\/comments?post=23818"}],"version-history":[{"count":2,"href":"https:\/\/elreporterohgo.com\/noticias\/wp-json\/wp\/v2\/posts\/23818\/revisions"}],"predecessor-version":[{"id":23823,"href":"https:\/\/elreporterohgo.com\/noticias\/wp-json\/wp\/v2\/posts\/23818\/revisions\/23823"}],"wp:featuredmedia":[{"embeddable":true,"href":"https:\/\/elreporterohgo.com\/noticias\/wp-json\/wp\/v2\/media\/23820"}],"wp:attachment":[{"href":"https:\/\/elreporterohgo.com\/noticias\/wp-json\/wp\/v2\/media?parent=23818"}],"wp:term":[{"taxonomy":"category","embeddable":true,"href":"https:\/\/elreporterohgo.com\/noticias\/wp-json\/wp\/v2\/categories?post=23818"},{"taxonomy":"post_tag","embeddable":true,"href":"https:\/\/elreporterohgo.com\/noticias\/wp-json\/wp\/v2\/tags?post=23818"}],"curies":[{"name":"wp","href":"https:\/\/api.w.org\/{rel}","templated":true}]}}