{"id":23814,"date":"2019-02-19T03:02:01","date_gmt":"2019-02-19T09:02:01","guid":{"rendered":"https:\/\/elreporterohgo.com\/noticias\/?p=23814"},"modified":"2019-02-19T03:02:01","modified_gmt":"2019-02-19T09:02:01","slug":"nuevo-presidente-de-la-junta-local-de-conciliacion-y-arbitraje","status":"publish","type":"post","link":"https:\/\/elreporterohgo.com\/noticias\/2019\/02\/19\/nuevo-presidente-de-la-junta-local-de-conciliacion-y-arbitraje\/","title":{"rendered":"Nuevo Presidente de la Junta Local de Conciliaci\u00f3n y Arbitraje"},"content":{"rendered":"<p><a href=\"https::\/\/elreporterohgo.com\/noticias\/wp-content\/uploads\/2019\/02\/Jorge-Ismael-Mart\u00ednez-Cano-Pdte.-JLCyA.jpg\"><img fetchpriority=\"high\" decoding=\"async\" class=\"alignnone size-medium wp-image-23815\" src=\"https::\/\/elreporterohgo.com\/noticias\/wp-content\/uploads\/2019\/02\/Jorge-Ismael-Mart\u00ednez-Cano-Pdte.-JLCyA-300x177.jpg\" alt=\"\" width=\"300\" height=\"177\" srcset=\"https:\/\/elreporterohgo.com\/noticias\/wp-content\/uploads\/2019\/02\/Jorge-Ismael-Mart\u00ednez-Cano-Pdte.-JLCyA-300x177.jpg 300w, https:\/\/elreporterohgo.com\/noticias\/wp-content\/uploads\/2019\/02\/Jorge-Ismael-Mart\u00ednez-Cano-Pdte.-JLCyA-768x454.jpg 768w, https:\/\/elreporterohgo.com\/noticias\/wp-content\/uploads\/2019\/02\/Jorge-Ismael-Mart\u00ednez-Cano-Pdte.-JLCyA-1024x606.jpg 1024w, https:\/\/elreporterohgo.com\/noticias\/wp-content\/uploads\/2019\/02\/Jorge-Ismael-Mart\u00ednez-Cano-Pdte.-JLCyA.jpg 1280w\" sizes=\"(max-width: 300px) 100vw, 300px\" \/><\/a><\/p>\n<p>Lleg\u00f3 Jorge Ismael Mart\u00ednez Cano,<\/p>\n<p>Por instrucciones del gobernador Omar Fayad Meneses, la titular de la Secretar\u00eda del Trabajo y Previsi\u00f3n Social de Hidalgo, Mar\u00eda de los \u00c1ngeles Eguiluz Tapia, dio posesi\u00f3n del cargo de Presidente de la Junta Local de Conciliaci\u00f3n y Arbitraje a Jorge Ismael Mart\u00ednez Cano, en sustituci\u00f3n de Andr\u00e9s Ernesto Navarrete Salazar.<\/p>\n<p>La Secretar\u00eda del Trabajo destac\u00f3 la trayectoria y experiencia de Jorge Ismael Mart\u00ednez, Licenciado en Derecho por la Universidad Aut\u00f3noma del Estado de Hidalgo, con 32 a\u00f1os de experiencia y cuyo \u00faltimo cargo p\u00fablico fue como Director Jur\u00eddico en la Secretar\u00eda de Planeaci\u00f3n y Prospectiva de Hidalgo, a quien exhort\u00f3 a continuar con la labor hasta ahora realizada en beneficio de las base trabajadora en la entidad. Asimismo, reconoci\u00f3 y agradeci\u00f3 la destacada labor que durante 35 a\u00f1os realiz\u00f3 Andr\u00e9s E. Navarrete, al frente de la Junta, dese\u00e1ndole \u00e9xito en los proyectos personales que tiene por delante.<\/p>\n","protected":false},"excerpt":{"rendered":"<p>Lleg\u00f3 Jorge Ismael Mart\u00ednez Cano, Por instrucciones del gobernador Omar Fayad Meneses, la titular de la Secretar\u00eda del Trabajo y Previsi\u00f3n Social de Hidalgo, Mar\u00eda de los \u00c1ngeles Eguiluz Tapia, dio posesi\u00f3n del cargo de Presidente de la Junta Local de Conciliaci\u00f3n y Arbitraje a Jorge Ismael Mart\u00ednez Cano, en sustituci\u00f3n de Andr\u00e9s Ernesto Navarrete<\/p>\n","protected":false},"author":2,"featured_media":23815,"comment_status":"open","ping_status":"closed","sticky":false,"template":"","format":"standard","meta":{"footnotes":""},"categories":[10],"tags":[],"class_list":{"0":"post-23814","1":"post","2":"type-post","3":"status-publish","4":"format-standard","5":"has-post-thumbnail","7":"category-hidalgo"},"_links":{"self":[{"href":"https:\/\/elreporterohgo.com\/noticias\/wp-json\/wp\/v2\/posts\/23814","targetHints":{"allow":["GET"]}}],"collection":[{"href":"https:\/\/elreporterohgo.com\/noticias\/wp-json\/wp\/v2\/posts"}],"about":[{"href":"https:\/\/elreporterohgo.com\/noticias\/wp-json\/wp\/v2\/types\/post"}],"author":[{"embeddable":true,"href":"https:\/\/elreporterohgo.com\/noticias\/wp-json\/wp\/v2\/users\/2"}],"replies":[{"embeddable":true,"href":"https:\/\/elreporterohgo.com\/noticias\/wp-json\/wp\/v2\/comments?post=23814"}],"version-history":[{"count":2,"href":"https:\/\/elreporterohgo.com\/noticias\/wp-json\/wp\/v2\/posts\/23814\/revisions"}],"predecessor-version":[{"id":23817,"href":"https:\/\/elreporterohgo.com\/noticias\/wp-json\/wp\/v2\/posts\/23814\/revisions\/23817"}],"wp:featuredmedia":[{"embeddable":true,"href":"https:\/\/elreporterohgo.com\/noticias\/wp-json\/wp\/v2\/media\/23815"}],"wp:attachment":[{"href":"https:\/\/elreporterohgo.com\/noticias\/wp-json\/wp\/v2\/media?parent=23814"}],"wp:term":[{"taxonomy":"category","embeddable":true,"href":"https:\/\/elreporterohgo.com\/noticias\/wp-json\/wp\/v2\/categories?post=23814"},{"taxonomy":"post_tag","embeddable":true,"href":"https:\/\/elreporterohgo.com\/noticias\/wp-json\/wp\/v2\/tags?post=23814"}],"curies":[{"name":"wp","href":"https:\/\/api.w.org\/{rel}","templated":true}]}}