{"id":23809,"date":"2019-02-19T02:55:31","date_gmt":"2019-02-19T08:55:31","guid":{"rendered":"https:\/\/elreporterohgo.com\/noticias\/?p=23809"},"modified":"2019-02-19T02:55:31","modified_gmt":"2019-02-19T08:55:31","slug":"celebran-el-dia-nacional-de-la-combi","status":"publish","type":"post","link":"https:\/\/elreporterohgo.com\/noticias\/2019\/02\/19\/celebran-el-dia-nacional-de-la-combi\/","title":{"rendered":"CELEBRAN EL D\u00cdA NACIONAL DE LA COMBI"},"content":{"rendered":"<p><strong>\u00a0<a href=\"https::\/\/elreporterohgo.com\/noticias\/wp-content\/uploads\/2019\/02\/Dia-nacional-de-la-combi-2.jpeg\"><img fetchpriority=\"high\" decoding=\"async\" class=\"alignnone size-medium wp-image-23810\" src=\"https::\/\/elreporterohgo.com\/noticias\/wp-content\/uploads\/2019\/02\/Dia-nacional-de-la-combi-2-300x200.jpeg\" alt=\"\" width=\"300\" height=\"200\" srcset=\"https:\/\/elreporterohgo.com\/noticias\/wp-content\/uploads\/2019\/02\/Dia-nacional-de-la-combi-2-300x200.jpeg 300w, https:\/\/elreporterohgo.com\/noticias\/wp-content\/uploads\/2019\/02\/Dia-nacional-de-la-combi-2-768x512.jpeg 768w, https:\/\/elreporterohgo.com\/noticias\/wp-content\/uploads\/2019\/02\/Dia-nacional-de-la-combi-2-1024x682.jpeg 1024w, https:\/\/elreporterohgo.com\/noticias\/wp-content\/uploads\/2019\/02\/Dia-nacional-de-la-combi-2.jpeg 1280w\" sizes=\"(max-width: 300px) 100vw, 300px\" \/><\/a><a href=\"https::\/\/elreporterohgo.com\/noticias\/wp-content\/uploads\/2019\/02\/Dia-nacional-de-la-combi-3.jpeg\"><img decoding=\"async\" class=\"alignnone size-medium wp-image-23811\" src=\"https::\/\/elreporterohgo.com\/noticias\/wp-content\/uploads\/2019\/02\/Dia-nacional-de-la-combi-3-300x200.jpeg\" alt=\"\" width=\"300\" height=\"200\" srcset=\"https:\/\/elreporterohgo.com\/noticias\/wp-content\/uploads\/2019\/02\/Dia-nacional-de-la-combi-3-300x200.jpeg 300w, https:\/\/elreporterohgo.com\/noticias\/wp-content\/uploads\/2019\/02\/Dia-nacional-de-la-combi-3-768x512.jpeg 768w, https:\/\/elreporterohgo.com\/noticias\/wp-content\/uploads\/2019\/02\/Dia-nacional-de-la-combi-3-1024x682.jpeg 1024w, https:\/\/elreporterohgo.com\/noticias\/wp-content\/uploads\/2019\/02\/Dia-nacional-de-la-combi-3.jpeg 1280w\" sizes=\"(max-width: 300px) 100vw, 300px\" \/><\/a><\/strong><\/p>\n<p><strong>PACHUQUILLA, Hgo.-\u00a0<\/strong>El gobierno municipal de Mineral de la Reforma a trav\u00e9s de la Direcci\u00f3n de Proyectos Estrat\u00e9gicos de la Secretaria de Desarrollo Econ\u00f3mico en el municipio celebraron el D\u00eda Nacional de la Combi, con la finalidad de fomentar la sana convivencia de las familias mineralreformenses y contribuir a la promoci\u00f3n del turismo en la cabecera municipal de Mineral de la Reforma, con actividades de \u00edndole recreativo en la explanada principal de Pachuquilla.<\/p>\n<p>Evento que cont\u00f3 con la participaci\u00f3n del Club Combimania Pachuca y Club Vagos en Combi, de la CDMX exponiendo alrededor de 50 combis formados en la explanada municipal.<\/p>\n<p>Al respecto el alcalde Ra\u00fal Camacho Ba\u00f1os, realizo la entrega de reconocimientos\u00a0 a los club\u00b4s, Combimania Pachuca y Vagos en Combi; mismo que fueron recibidos por sus presidentes Jos\u00e9 Luis Ben\u00edtez y\u00a0 Pedro Alberto Mart\u00ednez Bat\u00fam respectivamente, adem\u00e1s de participar en el destape de dos\u00a0 comb\u00eds que se unen a la\u00a0 filas del Club\u00a0 Combimania Pachuca.<\/p>\n<p>\u201cEstos eventos que generan turismo siempre son bienvenidos, en esta ocasi\u00f3n tuvimos como invitados a los clubes Combimania Pachuca y Vagos en Combi de la Ciudad de M\u00e9xico; Hoy en Mineral de la Reforma estamos abiertos a todo tipo de exposiciones; agradecemos su participaci\u00f3n,\u00a0 ya que sin duda fortalecer el turismo y la identidad al municipio de Mineral de la Reforma\u201d. Asegur\u00f3 durante su intervenci\u00f3n el alcalde Ra\u00fal Camacho Ba\u00f1os.<\/p>\n<p>Finalmente y como parte de esta actividad\u00a0 se cont\u00f3 con la participaci\u00f3n especial de la\u00a0 Banda Municipal de Mineral de la Reforma y la cantante Anah\u00ed Ortega, \u00a0as\u00ed como la presencia de artesanos del municipio que\u00a0 acudieron a realizar la venta de sus productos, todo en un ambiente familiar.<\/p>\n","protected":false},"excerpt":{"rendered":"<p>\u00a0 PACHUQUILLA, Hgo.-\u00a0El gobierno municipal de Mineral de la Reforma a trav\u00e9s de la Direcci\u00f3n de Proyectos Estrat\u00e9gicos de la Secretaria de Desarrollo Econ\u00f3mico en el municipio celebraron el D\u00eda Nacional de la Combi, con la finalidad de fomentar la sana convivencia de las familias mineralreformenses y contribuir a la promoci\u00f3n del turismo en la<\/p>\n","protected":false},"author":2,"featured_media":23810,"comment_status":"open","ping_status":"closed","sticky":false,"template":"","format":"standard","meta":{"footnotes":""},"categories":[10],"tags":[],"class_list":{"0":"post-23809","1":"post","2":"type-post","3":"status-publish","4":"format-standard","5":"has-post-thumbnail","7":"category-hidalgo"},"_links":{"self":[{"href":"https:\/\/elreporterohgo.com\/noticias\/wp-json\/wp\/v2\/posts\/23809","targetHints":{"allow":["GET"]}}],"collection":[{"href":"https:\/\/elreporterohgo.com\/noticias\/wp-json\/wp\/v2\/posts"}],"about":[{"href":"https:\/\/elreporterohgo.com\/noticias\/wp-json\/wp\/v2\/types\/post"}],"author":[{"embeddable":true,"href":"https:\/\/elreporterohgo.com\/noticias\/wp-json\/wp\/v2\/users\/2"}],"replies":[{"embeddable":true,"href":"https:\/\/elreporterohgo.com\/noticias\/wp-json\/wp\/v2\/comments?post=23809"}],"version-history":[{"count":2,"href":"https:\/\/elreporterohgo.com\/noticias\/wp-json\/wp\/v2\/posts\/23809\/revisions"}],"predecessor-version":[{"id":23813,"href":"https:\/\/elreporterohgo.com\/noticias\/wp-json\/wp\/v2\/posts\/23809\/revisions\/23813"}],"wp:featuredmedia":[{"embeddable":true,"href":"https:\/\/elreporterohgo.com\/noticias\/wp-json\/wp\/v2\/media\/23810"}],"wp:attachment":[{"href":"https:\/\/elreporterohgo.com\/noticias\/wp-json\/wp\/v2\/media?parent=23809"}],"wp:term":[{"taxonomy":"category","embeddable":true,"href":"https:\/\/elreporterohgo.com\/noticias\/wp-json\/wp\/v2\/categories?post=23809"},{"taxonomy":"post_tag","embeddable":true,"href":"https:\/\/elreporterohgo.com\/noticias\/wp-json\/wp\/v2\/tags?post=23809"}],"curies":[{"name":"wp","href":"https:\/\/api.w.org\/{rel}","templated":true}]}}