{"id":23761,"date":"2019-02-16T23:17:17","date_gmt":"2019-02-17T05:17:17","guid":{"rendered":"https:\/\/elreporterohgo.com\/noticias\/?p=23761"},"modified":"2019-02-16T23:17:17","modified_gmt":"2019-02-17T05:17:17","slug":"encontraron-dos-muertos","status":"publish","type":"post","link":"https:\/\/elreporterohgo.com\/noticias\/2019\/02\/16\/encontraron-dos-muertos\/","title":{"rendered":"Encontraron dos muertos"},"content":{"rendered":"<p><a href=\"https::\/\/elreporterohgo.com\/noticias\/wp-content\/uploads\/2019\/02\/IMG-20161110-WA0017.jpg\"><img fetchpriority=\"high\" decoding=\"async\" class=\"alignnone size-medium wp-image-23762\" src=\"https::\/\/elreporterohgo.com\/noticias\/wp-content\/uploads\/2019\/02\/IMG-20161110-WA0017-300x176.jpg\" alt=\"\" width=\"300\" height=\"176\" srcset=\"https:\/\/elreporterohgo.com\/noticias\/wp-content\/uploads\/2019\/02\/IMG-20161110-WA0017-300x176.jpg 300w, https:\/\/elreporterohgo.com\/noticias\/wp-content\/uploads\/2019\/02\/IMG-20161110-WA0017.jpg 348w\" sizes=\"(max-width: 300px) 100vw, 300px\" \/><\/a><\/p>\n<p>En distintos puntos de Hidalgo<\/p>\n<p>La Procuradur\u00eda General de Justicia de Hidalgo inici\u00f3 carpeta de investigaci\u00f3n por lo que resulte de la muerte de dos personas que fueron halladas este s\u00e1bado en la comunidad de Xochitl\u00e1n de las Flores, municipio de Tula de Allende Hidalgo.<\/p>\n<p>Agentes de la polic\u00eda investigadora y peritos acudieron al lugar para hacer el procesamiento del lugar delos hechos y recabar indicios que ayudan a resolver lo ocurrido.<\/p>\n<p>Hasta el momento ambos cuerpos permanecen en calidad de desconocidos.<\/p>\n<p>En el distrito judicial de Actopan, se inici\u00f3 una carpeta de investigaci\u00f3n por lo que resulte de la muerte de una persona que fue hallada sin vida la ma\u00f1ana de este s\u00e1bado en el municipio de El Arenal.<\/p>\n<p>El cuerpo del hombre en menci\u00f3n que contin\u00faa en calidad de desconocido fue ubicado en el camino de Santa Rosa-San Jer\u00f3nimo de dicha localidad.<\/p>\n<p>Peritos y agentes de la Polic\u00eda de Investigaci\u00f3n acudieron al sitio para hacer el procesamiento del lugar delos hechos y recabar indicios que ayuden a resolver lo ocurrido<\/p>\n","protected":false},"excerpt":{"rendered":"<p>En distintos puntos de Hidalgo La Procuradur\u00eda General de Justicia de Hidalgo inici\u00f3 carpeta de investigaci\u00f3n por lo que resulte de la muerte de dos personas que fueron halladas este s\u00e1bado en la comunidad de Xochitl\u00e1n de las Flores, municipio de Tula de Allende Hidalgo. Agentes de la polic\u00eda investigadora y peritos acudieron al lugar<\/p>\n","protected":false},"author":2,"featured_media":23762,"comment_status":"open","ping_status":"closed","sticky":false,"template":"","format":"standard","meta":{"footnotes":""},"categories":[10],"tags":[],"class_list":{"0":"post-23761","1":"post","2":"type-post","3":"status-publish","4":"format-standard","5":"has-post-thumbnail","7":"category-hidalgo"},"_links":{"self":[{"href":"https:\/\/elreporterohgo.com\/noticias\/wp-json\/wp\/v2\/posts\/23761","targetHints":{"allow":["GET"]}}],"collection":[{"href":"https:\/\/elreporterohgo.com\/noticias\/wp-json\/wp\/v2\/posts"}],"about":[{"href":"https:\/\/elreporterohgo.com\/noticias\/wp-json\/wp\/v2\/types\/post"}],"author":[{"embeddable":true,"href":"https:\/\/elreporterohgo.com\/noticias\/wp-json\/wp\/v2\/users\/2"}],"replies":[{"embeddable":true,"href":"https:\/\/elreporterohgo.com\/noticias\/wp-json\/wp\/v2\/comments?post=23761"}],"version-history":[{"count":2,"href":"https:\/\/elreporterohgo.com\/noticias\/wp-json\/wp\/v2\/posts\/23761\/revisions"}],"predecessor-version":[{"id":23764,"href":"https:\/\/elreporterohgo.com\/noticias\/wp-json\/wp\/v2\/posts\/23761\/revisions\/23764"}],"wp:featuredmedia":[{"embeddable":true,"href":"https:\/\/elreporterohgo.com\/noticias\/wp-json\/wp\/v2\/media\/23762"}],"wp:attachment":[{"href":"https:\/\/elreporterohgo.com\/noticias\/wp-json\/wp\/v2\/media?parent=23761"}],"wp:term":[{"taxonomy":"category","embeddable":true,"href":"https:\/\/elreporterohgo.com\/noticias\/wp-json\/wp\/v2\/categories?post=23761"},{"taxonomy":"post_tag","embeddable":true,"href":"https:\/\/elreporterohgo.com\/noticias\/wp-json\/wp\/v2\/tags?post=23761"}],"curies":[{"name":"wp","href":"https:\/\/api.w.org\/{rel}","templated":true}]}}