{"id":23750,"date":"2019-02-16T22:51:48","date_gmt":"2019-02-17T04:51:48","guid":{"rendered":"https:\/\/elreporterohgo.com\/noticias\/?p=23750"},"modified":"2019-02-16T22:51:48","modified_gmt":"2019-02-17T04:51:48","slug":"brutal-choque-en-la-pachuca-cd-sahagun","status":"publish","type":"post","link":"https:\/\/elreporterohgo.com\/noticias\/2019\/02\/16\/brutal-choque-en-la-pachuca-cd-sahagun\/","title":{"rendered":"Brutal choque en la Pachuca-Cd. Sahag\u00fan"},"content":{"rendered":"<p>&nbsp;<\/p>\n<p><a href=\"https::\/\/elreporterohgo.com\/noticias\/wp-content\/uploads\/2019\/02\/PHOTO-2019-02-15-15-05-14.jpg\"><img fetchpriority=\"high\" decoding=\"async\" class=\"alignnone size-medium wp-image-23751\" src=\"https::\/\/elreporterohgo.com\/noticias\/wp-content\/uploads\/2019\/02\/PHOTO-2019-02-15-15-05-14-300x199.jpg\" alt=\"\" width=\"300\" height=\"199\" srcset=\"https:\/\/elreporterohgo.com\/noticias\/wp-content\/uploads\/2019\/02\/PHOTO-2019-02-15-15-05-14-300x199.jpg 300w, https:\/\/elreporterohgo.com\/noticias\/wp-content\/uploads\/2019\/02\/PHOTO-2019-02-15-15-05-14.jpg 737w\" sizes=\"(max-width: 300px) 100vw, 300px\" \/><\/a><a href=\"https::\/\/elreporterohgo.com\/noticias\/wp-content\/uploads\/2019\/02\/PHOTO-2019-02-15-15-05-14-1.jpg\"><img decoding=\"async\" class=\"alignnone size-medium wp-image-23752\" src=\"https::\/\/elreporterohgo.com\/noticias\/wp-content\/uploads\/2019\/02\/PHOTO-2019-02-15-15-05-14-1-300x182.jpg\" alt=\"\" width=\"300\" height=\"182\" srcset=\"https:\/\/elreporterohgo.com\/noticias\/wp-content\/uploads\/2019\/02\/PHOTO-2019-02-15-15-05-14-1-300x182.jpg 300w, https:\/\/elreporterohgo.com\/noticias\/wp-content\/uploads\/2019\/02\/PHOTO-2019-02-15-15-05-14-1-768x466.jpg 768w, https:\/\/elreporterohgo.com\/noticias\/wp-content\/uploads\/2019\/02\/PHOTO-2019-02-15-15-05-14-1.jpg 980w\" sizes=\"(max-width: 300px) 100vw, 300px\" \/><\/a><\/p>\n<p>Zempoala, Hgo.- Brutal choque entre dos veh\u00edculos compactos se registr\u00f3 en la carretera federal Pachuca- Ciudad Sahag\u00fan, a la altura de Tepeyahualco.<\/p>\n<p>Minutos despu\u00e9s de las 10:15 horas de ayer, al n\u00famero de emergencias 911 se report+o un accidente con lesionados.<\/p>\n<p>Oficiales de la Polic\u00eda Estatal informaron que se localiz\u00f3 un coche Nissan Platina, color vino, placas HJM-10-B, conducido por un hombre de iniciales A.P.C, \u00a0de 61 a\u00f1os, mismo que fue trasladado a la cl\u00ednica del IMSS de Ciudad Sahag\u00fan.<br \/>\nEl segundo autom\u00f3vil fue un Volkswagen Jetta, color gris, placas HJA-670-A, mismo que era tripulado por una mujer identificada como C.M.H.<br \/>\nPersonal del H. Cuerpo de Bomberos de Hidalgo prest\u00f3 apoyo con equipo hidr\u00e1ulico para liberar a uno de los lesionados. Qued\u00f3 a cargo del incidente Polic\u00eda Federal.<\/p>\n<p>&nbsp;<\/p>\n","protected":false},"excerpt":{"rendered":"<p>&nbsp; Zempoala, Hgo.- Brutal choque entre dos veh\u00edculos compactos se registr\u00f3 en la carretera federal Pachuca- Ciudad Sahag\u00fan, a la altura de Tepeyahualco. Minutos despu\u00e9s de las 10:15 horas de ayer, al n\u00famero de emergencias 911 se report+o un accidente con lesionados. Oficiales de la Polic\u00eda Estatal informaron que se localiz\u00f3 un coche Nissan Platina,<\/p>\n","protected":false},"author":2,"featured_media":23751,"comment_status":"open","ping_status":"closed","sticky":false,"template":"","format":"standard","meta":{"footnotes":""},"categories":[10],"tags":[],"class_list":{"0":"post-23750","1":"post","2":"type-post","3":"status-publish","4":"format-standard","5":"has-post-thumbnail","7":"category-hidalgo"},"_links":{"self":[{"href":"https:\/\/elreporterohgo.com\/noticias\/wp-json\/wp\/v2\/posts\/23750","targetHints":{"allow":["GET"]}}],"collection":[{"href":"https:\/\/elreporterohgo.com\/noticias\/wp-json\/wp\/v2\/posts"}],"about":[{"href":"https:\/\/elreporterohgo.com\/noticias\/wp-json\/wp\/v2\/types\/post"}],"author":[{"embeddable":true,"href":"https:\/\/elreporterohgo.com\/noticias\/wp-json\/wp\/v2\/users\/2"}],"replies":[{"embeddable":true,"href":"https:\/\/elreporterohgo.com\/noticias\/wp-json\/wp\/v2\/comments?post=23750"}],"version-history":[{"count":2,"href":"https:\/\/elreporterohgo.com\/noticias\/wp-json\/wp\/v2\/posts\/23750\/revisions"}],"predecessor-version":[{"id":23754,"href":"https:\/\/elreporterohgo.com\/noticias\/wp-json\/wp\/v2\/posts\/23750\/revisions\/23754"}],"wp:featuredmedia":[{"embeddable":true,"href":"https:\/\/elreporterohgo.com\/noticias\/wp-json\/wp\/v2\/media\/23751"}],"wp:attachment":[{"href":"https:\/\/elreporterohgo.com\/noticias\/wp-json\/wp\/v2\/media?parent=23750"}],"wp:term":[{"taxonomy":"category","embeddable":true,"href":"https:\/\/elreporterohgo.com\/noticias\/wp-json\/wp\/v2\/categories?post=23750"},{"taxonomy":"post_tag","embeddable":true,"href":"https:\/\/elreporterohgo.com\/noticias\/wp-json\/wp\/v2\/tags?post=23750"}],"curies":[{"name":"wp","href":"https:\/\/api.w.org\/{rel}","templated":true}]}}