{"id":23746,"date":"2019-02-16T22:42:31","date_gmt":"2019-02-17T04:42:31","guid":{"rendered":"https:\/\/elreporterohgo.com\/noticias\/?p=23746"},"modified":"2019-02-16T22:42:31","modified_gmt":"2019-02-17T04:42:31","slug":"abuso-policiaco-contra-jovencitos","status":"publish","type":"post","link":"https:\/\/elreporterohgo.com\/noticias\/2019\/02\/16\/abuso-policiaco-contra-jovencitos\/","title":{"rendered":"\u00bfAbuso policiaco contra jovencitos?"},"content":{"rendered":"<p><a href=\"https::\/\/elreporterohgo.com\/noticias\/wp-content\/uploads\/2019\/02\/IMG-20160827-WA0011-copia.jpg\"><img decoding=\"async\" class=\"alignnone size-medium wp-image-23747\" src=\"https::\/\/elreporterohgo.com\/noticias\/wp-content\/uploads\/2019\/02\/IMG-20160827-WA0011-copia-300x138.jpg\" alt=\"\" width=\"300\" height=\"138\" srcset=\"https:\/\/elreporterohgo.com\/noticias\/wp-content\/uploads\/2019\/02\/IMG-20160827-WA0011-copia-300x138.jpg 300w, https:\/\/elreporterohgo.com\/noticias\/wp-content\/uploads\/2019\/02\/IMG-20160827-WA0011-copia.jpg 557w\" sizes=\"(max-width: 300px) 100vw, 300px\" \/><\/a><\/p>\n<p>Por reunirse en el jard\u00edn municipal<\/p>\n<p>Por Juan Sabino Cruz<\/p>\n<p>APAN, Hgo.-\u00a0 La violenta actitud de oficiales de Seguridad Municipal en contra de un grupo de jovencitos que conviv\u00edan sanamente en el jard\u00edn municipal ha causado indignaci\u00f3n entre testigos.<\/p>\n<p>Una lectora se comunic\u00f3 a la redacci\u00f3n de EL REPORTERO para exponer que hace escasamente una hora, consum\u00edan alimentos en familia en la zona del jard\u00edn municipal donde detectaron la presencia de un grupo aproximado de siete jovencitos que se divert\u00edan sanamente.<\/p>\n<p>Comento que eran chicos y chicas que lo m\u00e1s grave que hac\u00edan era fumar un cigarrillo sin molestar a nadie.<\/p>\n<p>Explican que, repentinamente, lleg\u00f3 un grupo de polic\u00edas preventivos encabezados por un civil a quien le dec\u00edan Bull o \u00c1ngelo, mismo que se dirigi\u00f3 con insultos a los menores y los llevaron a todos a la comandancia.<\/p>\n<p>La quejosa pidi\u00f3 corregir esos abusos de los gendarmes y, principalmente, del sujeto llamado Bull, en virtud que asegur\u00f3 que los j\u00f3venes no comet\u00edan falta alguna.<\/p>\n","protected":false},"excerpt":{"rendered":"<p>Por reunirse en el jard\u00edn municipal Por Juan Sabino Cruz APAN, Hgo.-\u00a0 La violenta actitud de oficiales de Seguridad Municipal en contra de un grupo de jovencitos que conviv\u00edan sanamente en el jard\u00edn municipal ha causado indignaci\u00f3n entre testigos. Una lectora se comunic\u00f3 a la redacci\u00f3n de EL REPORTERO para exponer que hace escasamente una<\/p>\n","protected":false},"author":2,"featured_media":23747,"comment_status":"open","ping_status":"closed","sticky":false,"template":"","format":"standard","meta":{"footnotes":""},"categories":[10],"tags":[],"class_list":{"0":"post-23746","1":"post","2":"type-post","3":"status-publish","4":"format-standard","5":"has-post-thumbnail","7":"category-hidalgo"},"_links":{"self":[{"href":"https:\/\/elreporterohgo.com\/noticias\/wp-json\/wp\/v2\/posts\/23746","targetHints":{"allow":["GET"]}}],"collection":[{"href":"https:\/\/elreporterohgo.com\/noticias\/wp-json\/wp\/v2\/posts"}],"about":[{"href":"https:\/\/elreporterohgo.com\/noticias\/wp-json\/wp\/v2\/types\/post"}],"author":[{"embeddable":true,"href":"https:\/\/elreporterohgo.com\/noticias\/wp-json\/wp\/v2\/users\/2"}],"replies":[{"embeddable":true,"href":"https:\/\/elreporterohgo.com\/noticias\/wp-json\/wp\/v2\/comments?post=23746"}],"version-history":[{"count":2,"href":"https:\/\/elreporterohgo.com\/noticias\/wp-json\/wp\/v2\/posts\/23746\/revisions"}],"predecessor-version":[{"id":23749,"href":"https:\/\/elreporterohgo.com\/noticias\/wp-json\/wp\/v2\/posts\/23746\/revisions\/23749"}],"wp:featuredmedia":[{"embeddable":true,"href":"https:\/\/elreporterohgo.com\/noticias\/wp-json\/wp\/v2\/media\/23747"}],"wp:attachment":[{"href":"https:\/\/elreporterohgo.com\/noticias\/wp-json\/wp\/v2\/media?parent=23746"}],"wp:term":[{"taxonomy":"category","embeddable":true,"href":"https:\/\/elreporterohgo.com\/noticias\/wp-json\/wp\/v2\/categories?post=23746"},{"taxonomy":"post_tag","embeddable":true,"href":"https:\/\/elreporterohgo.com\/noticias\/wp-json\/wp\/v2\/tags?post=23746"}],"curies":[{"name":"wp","href":"https:\/\/api.w.org\/{rel}","templated":true}]}}