{"id":23724,"date":"2019-02-14T17:47:53","date_gmt":"2019-02-14T23:47:53","guid":{"rendered":"https:\/\/elreporterohgo.com\/noticias\/?p=23724"},"modified":"2019-02-14T17:47:53","modified_gmt":"2019-02-14T23:47:53","slug":"atentado-contra-la-igualdad-de-genero","status":"publish","type":"post","link":"https:\/\/elreporterohgo.com\/noticias\/2019\/02\/14\/atentado-contra-la-igualdad-de-genero\/","title":{"rendered":"Atentado contra la igualdad de g\u00e9nero"},"content":{"rendered":"<p>&nbsp;<\/p>\n<p><a href=\"https::\/\/elreporterohgo.com\/noticias\/wp-content\/uploads\/2019\/02\/Bol.-231-Foto-1.jpg\"><img fetchpriority=\"high\" decoding=\"async\" class=\"alignnone size-medium wp-image-23725\" src=\"https::\/\/elreporterohgo.com\/noticias\/wp-content\/uploads\/2019\/02\/Bol.-231-Foto-1-300x228.jpg\" alt=\"\" width=\"300\" height=\"228\" srcset=\"https:\/\/elreporterohgo.com\/noticias\/wp-content\/uploads\/2019\/02\/Bol.-231-Foto-1-300x228.jpg 300w, https:\/\/elreporterohgo.com\/noticias\/wp-content\/uploads\/2019\/02\/Bol.-231-Foto-1-768x583.jpg 768w, https:\/\/elreporterohgo.com\/noticias\/wp-content\/uploads\/2019\/02\/Bol.-231-Foto-1-1024x778.jpg 1024w\" sizes=\"(max-width: 300px) 100vw, 300px\" \/><\/a><\/p>\n<p><strong>Pachuca, Hgo. &#8211;\u00a0<\/strong>\u201cCerrar las guarder\u00edas infantiles es un atentado contra los avances en materia de igualdad de g\u00e9nero\u201d indic\u00f3 Erika Rodr\u00edguez Hern\u00e1ndez, secretaria general del Partido Revolucionario Institucional en Hidalgo, a\u00f1adi\u00f3 que en la actual administraci\u00f3n federal no hay perspectiva de g\u00e9nero en las acciones gubernamentales.<\/p>\n<p>La priista argument\u00f3 que esta pol\u00edtica p\u00fablica llevaba 12 a\u00f1os en funci\u00f3n con buenos resultados, las guarder\u00edas son instancias que se crearon para procurar el pleno desarrollo de la infancia. Record\u00f3 que el Estado Mexicano ha sido se\u00f1alado por el Comit\u00e9 de la Convenci\u00f3n sobre la Eliminaci\u00f3n de Todas las Formas de Discriminaci\u00f3n contra la Mujeres sobre la necesidad de guarder\u00edas.<\/p>\n<p>Erika Rodr\u00edguez se\u00f1al\u00f3 que el cierre de las guarder\u00edas atenta contra los derechos humanos fundamentales que son ya un logro en M\u00e9xico, porque \u201clas guarder\u00edas velan por el inter\u00e9s superior de la ni\u00f1ez, la dignidad humana en la vida adulta mayor as\u00ed como las condiciones propicias para la incorporaci\u00f3n de las mujeres en la vida laboral\u201d.<\/p>\n<p>Rodr\u00edguez Hern\u00e1ndez hizo \u00e9nfasis en la visi\u00f3n de retroceso que implica el cierre de guarder\u00edas, as\u00ed como de las declaraciones para que las y los abuelos cuiden de la ni\u00f1ez, calific\u00f3 estos comentarios como carentes de empat\u00eda.\u00a0 Dijo que en los \u00faltimos a\u00f1os se hicieron cambios para una mayor incorporaci\u00f3n de mujeres en el \u00e1mbito laboral y que esta medida afecta directamente a miles de mujeres que entraran en dilema de quien cuidara a sus hijas e hijos.<\/p>\n<p>Adem\u00e1s agreg\u00f3 que las guarder\u00edas tienen un enfoque integral, porque son fuentes de empleo en las regiones y localidades, pero que adem\u00e1s velan por los derechos de la infancia.<\/p>\n<p>Finalmente, la ex diputada federal argument\u00f3 que es necesario que se revise esta medida, porque\u00a0 la opci\u00f3n no es eliminar los programas, sino fortalecer los mecanismos para evitar la corrupci\u00f3n y sancionar a quienes resulten responsables, por ello apunt\u00f3 que \u201csi hay responsables que se haga el debido proceso\u201c de otra forma, mencion\u00f3 \u201csolo daremos pasos hacia atr\u00e1s\u201d.<\/p>\n<p>&nbsp;<\/p>\n","protected":false},"excerpt":{"rendered":"<p>&nbsp; Pachuca, Hgo. &#8211;\u00a0\u201cCerrar las guarder\u00edas infantiles es un atentado contra los avances en materia de igualdad de g\u00e9nero\u201d indic\u00f3 Erika Rodr\u00edguez Hern\u00e1ndez, secretaria general del Partido Revolucionario Institucional en Hidalgo, a\u00f1adi\u00f3 que en la actual administraci\u00f3n federal no hay perspectiva de g\u00e9nero en las acciones gubernamentales. La priista argument\u00f3 que esta pol\u00edtica p\u00fablica llevaba<\/p>\n","protected":false},"author":2,"featured_media":23725,"comment_status":"open","ping_status":"closed","sticky":false,"template":"","format":"standard","meta":{"footnotes":""},"categories":[10],"tags":[],"class_list":{"0":"post-23724","1":"post","2":"type-post","3":"status-publish","4":"format-standard","5":"has-post-thumbnail","7":"category-hidalgo"},"_links":{"self":[{"href":"https:\/\/elreporterohgo.com\/noticias\/wp-json\/wp\/v2\/posts\/23724","targetHints":{"allow":["GET"]}}],"collection":[{"href":"https:\/\/elreporterohgo.com\/noticias\/wp-json\/wp\/v2\/posts"}],"about":[{"href":"https:\/\/elreporterohgo.com\/noticias\/wp-json\/wp\/v2\/types\/post"}],"author":[{"embeddable":true,"href":"https:\/\/elreporterohgo.com\/noticias\/wp-json\/wp\/v2\/users\/2"}],"replies":[{"embeddable":true,"href":"https:\/\/elreporterohgo.com\/noticias\/wp-json\/wp\/v2\/comments?post=23724"}],"version-history":[{"count":2,"href":"https:\/\/elreporterohgo.com\/noticias\/wp-json\/wp\/v2\/posts\/23724\/revisions"}],"predecessor-version":[{"id":23727,"href":"https:\/\/elreporterohgo.com\/noticias\/wp-json\/wp\/v2\/posts\/23724\/revisions\/23727"}],"wp:featuredmedia":[{"embeddable":true,"href":"https:\/\/elreporterohgo.com\/noticias\/wp-json\/wp\/v2\/media\/23725"}],"wp:attachment":[{"href":"https:\/\/elreporterohgo.com\/noticias\/wp-json\/wp\/v2\/media?parent=23724"}],"wp:term":[{"taxonomy":"category","embeddable":true,"href":"https:\/\/elreporterohgo.com\/noticias\/wp-json\/wp\/v2\/categories?post=23724"},{"taxonomy":"post_tag","embeddable":true,"href":"https:\/\/elreporterohgo.com\/noticias\/wp-json\/wp\/v2\/tags?post=23724"}],"curies":[{"name":"wp","href":"https:\/\/api.w.org\/{rel}","templated":true}]}}