{"id":23719,"date":"2019-02-14T16:13:07","date_gmt":"2019-02-14T22:13:07","guid":{"rendered":"https:\/\/elreporterohgo.com\/noticias\/?p=23719"},"modified":"2019-02-14T16:13:07","modified_gmt":"2019-02-14T22:13:07","slug":"omar-fayad-respalda-creacion-de-guardia-nacional","status":"publish","type":"post","link":"https:\/\/elreporterohgo.com\/noticias\/2019\/02\/14\/omar-fayad-respalda-creacion-de-guardia-nacional\/","title":{"rendered":"Omar Fayad respalda creaci\u00f3n de guardia nacional"},"content":{"rendered":"<p>&nbsp;<\/p>\n<p><a href=\"https::\/\/elreporterohgo.com\/noticias\/wp-content\/uploads\/2019\/02\/unnamed-70.jpg\"><img decoding=\"async\" class=\"alignnone size-medium wp-image-23720\" src=\"https::\/\/elreporterohgo.com\/noticias\/wp-content\/uploads\/2019\/02\/unnamed-70-300x165.jpg\" alt=\"\" width=\"300\" height=\"165\" srcset=\"https:\/\/elreporterohgo.com\/noticias\/wp-content\/uploads\/2019\/02\/unnamed-70-300x165.jpg 300w, https:\/\/elreporterohgo.com\/noticias\/wp-content\/uploads\/2019\/02\/unnamed-70-768x423.jpg 768w, https:\/\/elreporterohgo.com\/noticias\/wp-content\/uploads\/2019\/02\/unnamed-70-1024x564.jpg 1024w\" sizes=\"(max-width: 300px) 100vw, 300px\" \/><\/a><a href=\"https::\/\/elreporterohgo.com\/noticias\/wp-content\/uploads\/2019\/02\/unnamed-71.jpg\"><img fetchpriority=\"high\" decoding=\"async\" class=\"alignnone size-medium wp-image-23721\" src=\"https::\/\/elreporterohgo.com\/noticias\/wp-content\/uploads\/2019\/02\/unnamed-71-300x205.jpg\" alt=\"\" width=\"300\" height=\"205\" srcset=\"https:\/\/elreporterohgo.com\/noticias\/wp-content\/uploads\/2019\/02\/unnamed-71-300x205.jpg 300w, https:\/\/elreporterohgo.com\/noticias\/wp-content\/uploads\/2019\/02\/unnamed-71-768x525.jpg 768w, https:\/\/elreporterohgo.com\/noticias\/wp-content\/uploads\/2019\/02\/unnamed-71-1024x700.jpg 1024w, https:\/\/elreporterohgo.com\/noticias\/wp-content\/uploads\/2019\/02\/unnamed-71.jpg 1938w\" sizes=\"(max-width: 300px) 100vw, 300px\" \/><\/a><\/p>\n<p><em>-El jefe del Ejecutivo hidalguense recomend\u00f3 consolidarlo \u00a0mediante un proceso legislativo transparente.<\/em><\/p>\n<p><em>Ciudad de M\u00e9xico. &#8211;\u00a0<\/em>El gobernador Omar Fayad acudi\u00f3 al Senado de la Rep\u00fablica a participar en la mesa de trabajo para la creaci\u00f3n de la Guardia Nacional, externando su benepl\u00e1cito por el ejercicio del parlamento, en el que se tomar\u00e1n en cuenta las opiniones de los diversos participantes.<\/p>\n<p>Ah\u00ed, resalt\u00f3 que la experiencia institucional que ha tenido en diversos organismos de seguridad de los tres \u00f3rdenes de gobierno, le permite recomendar al Senado, a partir de la realidad que vive M\u00e9xico y las exigencias de la sociedad, hacerlo mediante un proceso legislativo transparente, inclusivo y con pleno respeto a los derechos humanos.<\/p>\n<p>El Congreso tiene el gran desaf\u00edo de formular la creaci\u00f3n de un cuerpo de seguridad que se adapte a la \u00e9poca que hoy vivimos, por lo que el \u201cParlamento Abierto Guardia Nacional\u201d para el fortalecimiento del Sistema Nacional de Seguridad P\u00fablica, tiene la finalidad de generar un espacio para el di\u00e1logo. Este encuentro, estuvo moderado por los Senadores Alejandra Lagunes Soto Ruiz y Jos\u00e9 Luis Pech V\u00e1rguez.<\/p>\n<p>El mandatario hidalguense estableci\u00f3 que \u201cHidalgo respalda la propuesta del Gobierno Federal porque se debe tener muy claro que la responsabilidad de la seguridad del pa\u00eds es del presidente, y por eso no debemos escatimarle sus propuestas, para que d\u00e9 resultados su gobierno\u201d.<\/p>\n<p>Se\u00f1al\u00f3 que se debe entender que la Guardia Nacional es solamente un elemento de la seguridad, ya que tiene que ir acompa\u00f1ado de m\u00e1s y mejor educaci\u00f3n, creaci\u00f3n de empleos, atracci\u00f3n de inversiones, combate a la pobreza, apoyos a j\u00f3venes y sectores vulnerables.<\/p>\n<p>Por eso, a pesar de que Hidalgo es una de las entidades m\u00e1s seguras del pa\u00eds, requiere del apoyo militar, de tal forma que con el apoyo a la creaci\u00f3n de la Guardia Nacional, se reitera el compromiso de otorgar a las familias certidumbre y paz social.<\/p>\n<p>&nbsp;<\/p>\n","protected":false},"excerpt":{"rendered":"<p>&nbsp; -El jefe del Ejecutivo hidalguense recomend\u00f3 consolidarlo \u00a0mediante un proceso legislativo transparente. Ciudad de M\u00e9xico. &#8211;\u00a0El gobernador Omar Fayad acudi\u00f3 al Senado de la Rep\u00fablica a participar en la mesa de trabajo para la creaci\u00f3n de la Guardia Nacional, externando su benepl\u00e1cito por el ejercicio del parlamento, en el que se tomar\u00e1n en cuenta<\/p>\n","protected":false},"author":2,"featured_media":23720,"comment_status":"open","ping_status":"closed","sticky":false,"template":"","format":"standard","meta":{"footnotes":""},"categories":[10],"tags":[],"class_list":{"0":"post-23719","1":"post","2":"type-post","3":"status-publish","4":"format-standard","5":"has-post-thumbnail","7":"category-hidalgo"},"_links":{"self":[{"href":"https:\/\/elreporterohgo.com\/noticias\/wp-json\/wp\/v2\/posts\/23719","targetHints":{"allow":["GET"]}}],"collection":[{"href":"https:\/\/elreporterohgo.com\/noticias\/wp-json\/wp\/v2\/posts"}],"about":[{"href":"https:\/\/elreporterohgo.com\/noticias\/wp-json\/wp\/v2\/types\/post"}],"author":[{"embeddable":true,"href":"https:\/\/elreporterohgo.com\/noticias\/wp-json\/wp\/v2\/users\/2"}],"replies":[{"embeddable":true,"href":"https:\/\/elreporterohgo.com\/noticias\/wp-json\/wp\/v2\/comments?post=23719"}],"version-history":[{"count":2,"href":"https:\/\/elreporterohgo.com\/noticias\/wp-json\/wp\/v2\/posts\/23719\/revisions"}],"predecessor-version":[{"id":23723,"href":"https:\/\/elreporterohgo.com\/noticias\/wp-json\/wp\/v2\/posts\/23719\/revisions\/23723"}],"wp:featuredmedia":[{"embeddable":true,"href":"https:\/\/elreporterohgo.com\/noticias\/wp-json\/wp\/v2\/media\/23720"}],"wp:attachment":[{"href":"https:\/\/elreporterohgo.com\/noticias\/wp-json\/wp\/v2\/media?parent=23719"}],"wp:term":[{"taxonomy":"category","embeddable":true,"href":"https:\/\/elreporterohgo.com\/noticias\/wp-json\/wp\/v2\/categories?post=23719"},{"taxonomy":"post_tag","embeddable":true,"href":"https:\/\/elreporterohgo.com\/noticias\/wp-json\/wp\/v2\/tags?post=23719"}],"curies":[{"name":"wp","href":"https:\/\/api.w.org\/{rel}","templated":true}]}}