{"id":23699,"date":"2019-02-13T04:40:56","date_gmt":"2019-02-13T10:40:56","guid":{"rendered":"https:\/\/elreporterohgo.com\/noticias\/?p=23699"},"modified":"2019-02-13T04:41:16","modified_gmt":"2019-02-13T10:41:16","slug":"aperturan-oficina-del-mp-en-tlahueloilpan","status":"publish","type":"post","link":"https:\/\/elreporterohgo.com\/noticias\/2019\/02\/13\/aperturan-oficina-del-mp-en-tlahueloilpan\/","title":{"rendered":"Aperturan oficina del MP en Tlahuelilpan"},"content":{"rendered":"<p><a href=\"https::\/\/elreporterohgo.com\/noticias\/wp-content\/uploads\/2019\/02\/MP-Tlahuelilpan-1.jpeg\"><img fetchpriority=\"high\" decoding=\"async\" class=\"alignnone size-medium wp-image-23700\" src=\"https::\/\/elreporterohgo.com\/noticias\/wp-content\/uploads\/2019\/02\/MP-Tlahuelilpan-1-300x225.jpeg\" alt=\"\" width=\"300\" height=\"225\" srcset=\"https:\/\/elreporterohgo.com\/noticias\/wp-content\/uploads\/2019\/02\/MP-Tlahuelilpan-1-300x225.jpeg 300w, https:\/\/elreporterohgo.com\/noticias\/wp-content\/uploads\/2019\/02\/MP-Tlahuelilpan-1-768x576.jpeg 768w, https:\/\/elreporterohgo.com\/noticias\/wp-content\/uploads\/2019\/02\/MP-Tlahuelilpan-1-1024x768.jpeg 1024w, https:\/\/elreporterohgo.com\/noticias\/wp-content\/uploads\/2019\/02\/MP-Tlahuelilpan-1.jpeg 1040w\" sizes=\"(max-width: 300px) 100vw, 300px\" \/><\/a><\/p>\n<p>&nbsp;<\/p>\n<p><strong>Pachuca, Hgo. &#8211;\u00a0<\/strong>A partir del pasado lunes, la Procuradur\u00eda General de Justicia de Hidalgo (PGJEH) instalo una oficina del Ministerio P\u00fablico en el Centro Cultural de Tlahuelilpan, con la finalidad de atender exclusivamente las carpetas de investigaci\u00f3n abiertas por lo ocurrido el pasado 18 de enero en dicho municipio.<\/p>\n<p>La oficina est\u00e1 conformada por una agente del Ministerio P\u00fablico y dos auxiliares que tienen la responsabilidad de orientar, facilitar los tr\u00e1mites y servicios a las y los familiares de las personas lesionadas y fallecidas a consecuencia de los hechos antes mencionados.<\/p>\n<p>Con esta apertura de la oficina de la PGJEH, se evita que las familias afectadas que tienen la necesidad de llevar a cabo alg\u00fan tr\u00e1mite ante el Ministerio P\u00fablico se desplacen a la agencia del Ministerio P\u00fablico de Mixquiahuala y hagan gastos innecesarios por concepto de transporte, adem\u00e1s de que les ser\u00e1 m\u00e1s c\u00f3modo y f\u00e1cil acudir al Centro Cultural de Tlahuelilpan.<\/p>\n<p>El horario de atenci\u00f3n del \u00e1rea de la Procuradur\u00eda instalada en aquella localidad y que cuenta con vinculaci\u00f3n permanente con todas las \u00e1reas de esta instituci\u00f3n, es de lunes a viernes, de 09:00 a 17:00 horas y s\u00e1bados de 09:00 a 13:00 horas.<\/p>\n<p>Adem\u00e1s del servicio que se brindar\u00e1 por parte de la agente del Ministerio P\u00fablico y sus dos auxiliares; desde hace algunas semanas, personal de la PGJEH acude al Centro Cultural de Tlahuelilpan con la finalidad de llevar a cabo reuniones informativas y escuchar posibles dudas de las y los familiares de lesionados, as\u00ed como fallecidos. Las reuniones continuar\u00e1n todos los mi\u00e9rcoles, hasta que concluya la atenci\u00f3n a la poblaci\u00f3n afectada.<\/p>\n","protected":false},"excerpt":{"rendered":"<p>&nbsp; Pachuca, Hgo. &#8211;\u00a0A partir del pasado lunes, la Procuradur\u00eda General de Justicia de Hidalgo (PGJEH) instalo una oficina del Ministerio P\u00fablico en el Centro Cultural de Tlahuelilpan, con la finalidad de atender exclusivamente las carpetas de investigaci\u00f3n abiertas por lo ocurrido el pasado 18 de enero en dicho municipio. La oficina est\u00e1 conformada por<\/p>\n","protected":false},"author":2,"featured_media":23700,"comment_status":"open","ping_status":"closed","sticky":false,"template":"","format":"standard","meta":{"footnotes":""},"categories":[10],"tags":[],"class_list":{"0":"post-23699","1":"post","2":"type-post","3":"status-publish","4":"format-standard","5":"has-post-thumbnail","7":"category-hidalgo"},"_links":{"self":[{"href":"https:\/\/elreporterohgo.com\/noticias\/wp-json\/wp\/v2\/posts\/23699","targetHints":{"allow":["GET"]}}],"collection":[{"href":"https:\/\/elreporterohgo.com\/noticias\/wp-json\/wp\/v2\/posts"}],"about":[{"href":"https:\/\/elreporterohgo.com\/noticias\/wp-json\/wp\/v2\/types\/post"}],"author":[{"embeddable":true,"href":"https:\/\/elreporterohgo.com\/noticias\/wp-json\/wp\/v2\/users\/2"}],"replies":[{"embeddable":true,"href":"https:\/\/elreporterohgo.com\/noticias\/wp-json\/wp\/v2\/comments?post=23699"}],"version-history":[{"count":3,"href":"https:\/\/elreporterohgo.com\/noticias\/wp-json\/wp\/v2\/posts\/23699\/revisions"}],"predecessor-version":[{"id":23703,"href":"https:\/\/elreporterohgo.com\/noticias\/wp-json\/wp\/v2\/posts\/23699\/revisions\/23703"}],"wp:featuredmedia":[{"embeddable":true,"href":"https:\/\/elreporterohgo.com\/noticias\/wp-json\/wp\/v2\/media\/23700"}],"wp:attachment":[{"href":"https:\/\/elreporterohgo.com\/noticias\/wp-json\/wp\/v2\/media?parent=23699"}],"wp:term":[{"taxonomy":"category","embeddable":true,"href":"https:\/\/elreporterohgo.com\/noticias\/wp-json\/wp\/v2\/categories?post=23699"},{"taxonomy":"post_tag","embeddable":true,"href":"https:\/\/elreporterohgo.com\/noticias\/wp-json\/wp\/v2\/tags?post=23699"}],"curies":[{"name":"wp","href":"https:\/\/api.w.org\/{rel}","templated":true}]}}