{"id":23695,"date":"2019-02-13T04:33:51","date_gmt":"2019-02-13T10:33:51","guid":{"rendered":"https:\/\/elreporterohgo.com\/noticias\/?p=23695"},"modified":"2019-02-13T04:34:19","modified_gmt":"2019-02-13T10:34:19","slug":"conferencia-clima-escolar-a-primaria","status":"publish","type":"post","link":"https:\/\/elreporterohgo.com\/noticias\/2019\/02\/13\/conferencia-clima-escolar-a-primaria\/","title":{"rendered":"CONFERENCIA \u201cCLIMA ESCOLAR\u201d A PRIMARIA"},"content":{"rendered":"<p><a href=\"https::\/\/elreporterohgo.com\/noticias\/wp-content\/uploads\/2019\/02\/Conferencia-\u201cClima-Escolar\u201d-2.jpg\"><img fetchpriority=\"high\" decoding=\"async\" class=\"alignnone size-medium wp-image-23696\" src=\"https::\/\/elreporterohgo.com\/noticias\/wp-content\/uploads\/2019\/02\/Conferencia-\u201cClima-Escolar\u201d-2-300x190.jpg\" alt=\"\" width=\"300\" height=\"190\" srcset=\"https:\/\/elreporterohgo.com\/noticias\/wp-content\/uploads\/2019\/02\/Conferencia-\u201cClima-Escolar\u201d-2-300x190.jpg 300w, https:\/\/elreporterohgo.com\/noticias\/wp-content\/uploads\/2019\/02\/Conferencia-\u201cClima-Escolar\u201d-2.jpg 448w\" sizes=\"(max-width: 300px) 100vw, 300px\" \/><\/a><\/p>\n<p>El gobierno municipal de Mineral de la Reforma que encabeza el alcalde Ra\u00fal Camacho Ba\u00f1os, a trav\u00e9s del Instituto Municipal de la Juventud y su Escuadr\u00f3n de la Salud, llevaron a cabo la conferencia titulada \u201cClima Escolar\u201d; con la finalidad de establecer v\u00ednculos que refuercen el trabajo en equipo entre los alumnos y fomentar valores que conlleven a una buena relaci\u00f3n entre alumnos, padres y maestros.<\/p>\n<p>Esta conferencia se realiz\u00f3 en la escuela primaria \u201cFelipe Pescador\u201d ubicada en la colonia El venado, enfocando temas como la importancia del compa\u00f1erismo, en el que las y los alumnos participaron en una din\u00e1mica para reforzar los v\u00ednculos del trabajo entre ellos, logrando beneficiar a m\u00e1s de 84 ni\u00f1as\u00a0 y ni\u00f1os mineralreformenses de entre 10 y 12 a\u00f1os.<\/p>\n<p>Antonio Castillo Rodr\u00edguez director del plantel escolar coment\u00f3.- \u201cAgradezco al gobierno municipal por realizar este tipo de conferencias a fin de mantener informados a las y los adolescentes, que a trav\u00e9s del\u00a0 Instituto Municipal de la juventud de Mineral de la Reforma les permite una din\u00e1mica de conocerse mejor y formar un desarrollo integral\u201d.<\/p>\n<p>Al respecto; Marco Antonio Incl\u00e1n Aparicio, titular del Instituto Municipal de la Juventud dijo.- \u201cBajo instrucci\u00f3n del alcalde Ra\u00fal Camacho Ba\u00f1os tenemos la encomienda de ser part\u00edcipes en el desarrollo y formaci\u00f3n de ni\u00f1as, ni\u00f1os y j\u00f3venes mineralreformenses logrando que ellos hagan una reflexi\u00f3n en la toma de decisiones, buscando su bienestar y libertad\u201d.<\/p>\n","protected":false},"excerpt":{"rendered":"<p>El gobierno municipal de Mineral de la Reforma que encabeza el alcalde Ra\u00fal Camacho Ba\u00f1os, a trav\u00e9s del Instituto Municipal de la Juventud y su Escuadr\u00f3n de la Salud, llevaron a cabo la conferencia titulada \u201cClima Escolar\u201d; con la finalidad de establecer v\u00ednculos que refuercen el trabajo en equipo entre los alumnos y fomentar valores<\/p>\n","protected":false},"author":2,"featured_media":23696,"comment_status":"open","ping_status":"closed","sticky":false,"template":"","format":"standard","meta":{"footnotes":""},"categories":[10],"tags":[],"class_list":{"0":"post-23695","1":"post","2":"type-post","3":"status-publish","4":"format-standard","5":"has-post-thumbnail","7":"category-hidalgo"},"_links":{"self":[{"href":"https:\/\/elreporterohgo.com\/noticias\/wp-json\/wp\/v2\/posts\/23695","targetHints":{"allow":["GET"]}}],"collection":[{"href":"https:\/\/elreporterohgo.com\/noticias\/wp-json\/wp\/v2\/posts"}],"about":[{"href":"https:\/\/elreporterohgo.com\/noticias\/wp-json\/wp\/v2\/types\/post"}],"author":[{"embeddable":true,"href":"https:\/\/elreporterohgo.com\/noticias\/wp-json\/wp\/v2\/users\/2"}],"replies":[{"embeddable":true,"href":"https:\/\/elreporterohgo.com\/noticias\/wp-json\/wp\/v2\/comments?post=23695"}],"version-history":[{"count":2,"href":"https:\/\/elreporterohgo.com\/noticias\/wp-json\/wp\/v2\/posts\/23695\/revisions"}],"predecessor-version":[{"id":23698,"href":"https:\/\/elreporterohgo.com\/noticias\/wp-json\/wp\/v2\/posts\/23695\/revisions\/23698"}],"wp:featuredmedia":[{"embeddable":true,"href":"https:\/\/elreporterohgo.com\/noticias\/wp-json\/wp\/v2\/media\/23696"}],"wp:attachment":[{"href":"https:\/\/elreporterohgo.com\/noticias\/wp-json\/wp\/v2\/media?parent=23695"}],"wp:term":[{"taxonomy":"category","embeddable":true,"href":"https:\/\/elreporterohgo.com\/noticias\/wp-json\/wp\/v2\/categories?post=23695"},{"taxonomy":"post_tag","embeddable":true,"href":"https:\/\/elreporterohgo.com\/noticias\/wp-json\/wp\/v2\/tags?post=23695"}],"curies":[{"name":"wp","href":"https:\/\/api.w.org\/{rel}","templated":true}]}}