{"id":23680,"date":"2019-02-13T04:02:36","date_gmt":"2019-02-13T10:02:36","guid":{"rendered":"https:\/\/elreporterohgo.com\/noticias\/?p=23680"},"modified":"2019-02-13T04:02:36","modified_gmt":"2019-02-13T10:02:36","slug":"alcanza-hidalgo-mas-del-88-de-cobertura-en-educacion-media-superior","status":"publish","type":"post","link":"https:\/\/elreporterohgo.com\/noticias\/2019\/02\/13\/alcanza-hidalgo-mas-del-88-de-cobertura-en-educacion-media-superior\/","title":{"rendered":"ALCANZA HIDALGO M\u00c1S DEL 88% DE COBERTURA EN EDUCACI\u00d3N MEDIA SUPERIOR"},"content":{"rendered":"<p>&nbsp;<\/p>\n<p>&nbsp;<\/p>\n<p><a href=\"https::\/\/elreporterohgo.com\/noticias\/wp-content\/uploads\/2019\/02\/unnamed-68.jpg\"><img fetchpriority=\"high\" decoding=\"async\" class=\"alignnone size-medium wp-image-23681\" src=\"https::\/\/elreporterohgo.com\/noticias\/wp-content\/uploads\/2019\/02\/unnamed-68-300x200.jpg\" alt=\"\" width=\"300\" height=\"200\" srcset=\"https:\/\/elreporterohgo.com\/noticias\/wp-content\/uploads\/2019\/02\/unnamed-68-300x200.jpg 300w, https:\/\/elreporterohgo.com\/noticias\/wp-content\/uploads\/2019\/02\/unnamed-68-768x512.jpg 768w, https:\/\/elreporterohgo.com\/noticias\/wp-content\/uploads\/2019\/02\/unnamed-68-1024x683.jpg 1024w\" sizes=\"(max-width: 300px) 100vw, 300px\" \/><\/a><\/p>\n<p>Pachuca, Hgo. &#8211; Gracias al trabajo constante del gobernador Omar Fayad que hizo de la educaci\u00f3n el eje de sus pol\u00edticas p\u00fablicas, en dos a\u00f1os Hidalgo ha alcanzado el 88 porciento de cobertura en el nivel Medio Superior.<\/p>\n<p>Tras reiterar su compromiso con este nivel educativo, durante la entrega de libros de texto y aulas digitales en el plantel del Colegio Nacional de Educaci\u00f3n Profesional T\u00e9cnica (CONALEP) Pachuca II, durante el inicio de semestre Febrero &#8211; Julio 2019,\u00a0 el mandatario afirm\u00f3 que gracias a que se otorgan cada vez m\u00e1s becas, libros, aulas tecnificadas, uniformes escolares, capacitaci\u00f3n docente y apoyos para el fortalecimiento de la infraestructura educativa, hoy se cuenta con una inversi\u00f3n de 125 MDP para este rubro.<\/p>\n<p>Por ello, insisti\u00f3 en que deben garantizarse las mismas oportunidades para todos los estudiantes de todas las regiones; pues s\u00f3lo bajo esa estrategia se ha podido atender la deserci\u00f3n escolar; pasar de la posici\u00f3n 14 al 6 en lenguaje y comunicaci\u00f3n, seg\u00fan la Evaluaci\u00f3n del PLANEA; transitar del lugar n\u00famero 16 al 8 en matem\u00e1ticas, as\u00ed como el primer lugar nacional en el Sistema de calidad de la Educaci\u00f3n.<\/p>\n<p>Ante la presencia del secretario Ejecutivo de la Pol\u00edtica P\u00fablica Israel F\u00e9lix, representantes de los tres poderes, estudiantes y personal docente, las autoridades encabezaron la entrega simb\u00f3lica de apoyos, as\u00ed como reconocimientos para los mejores promedios de la entidad.<\/p>\n<p>En su participaci\u00f3n, Atilano Rodr\u00edguez P\u00e9rez, secretario de Educaci\u00f3n P\u00fablica manifest\u00f3 que para el gobierno estatal la vinculaci\u00f3n con el sector empresarial es prioritaria para poder ofrecer una educaci\u00f3n de calidad.<\/p>\n<p>Tras el inicio formal de este periodo educativo, insisti\u00f3 en que estas acciones forman parte de las metas que se han trazado desde un inicio, para que una vez concluidos sus estudios, los alumnos puedan adaptarse a las empresas de sus regiones y obtener as\u00ed un empleo digno.<\/p>\n<p>En lo que fue su primer evento al frente de ese organismo nacional, Enrique Ku Herrera, director general del Colegio Nacional de Educaci\u00f3n Profesional T\u00e9cnica (CONALEP) afirm\u00f3 que tras su visita por la entidad, dio fe que en Hidalgo se genera una verdadera integraci\u00f3n de los profesionistas al sector laboral.<\/p>\n<p>Se\u00f1al\u00f3 que habr\u00e1 de sumarse al trabajo de Omar Fayad para mantener la representatividad de excelencia que tiene Hidalgo a nivel nacional, consolidando as\u00ed un pa\u00eds con m\u00e1s inversi\u00f3n, atenci\u00f3n y compromiso hacia los j\u00f3venes.<\/p>\n<p>Cabe se\u00f1alar que las mejoras de infraestructura para este nivel educativo, contemplaron la entrega de pupitres y equipos de c\u00f3mputo para los seis planteles, seguimiento a la construcci\u00f3n de techumbres en Tulancingo y Pachuca I, as\u00ed como 3 mil 375 paquetes de libros de texto y 3 aulas digitales SIDEMS, todo con una inversi\u00f3n cercana a los 6 MDP.<\/p>\n","protected":false},"excerpt":{"rendered":"<p>&nbsp; &nbsp; Pachuca, Hgo. &#8211; Gracias al trabajo constante del gobernador Omar Fayad que hizo de la educaci\u00f3n el eje de sus pol\u00edticas p\u00fablicas, en dos a\u00f1os Hidalgo ha alcanzado el 88 porciento de cobertura en el nivel Medio Superior. Tras reiterar su compromiso con este nivel educativo, durante la entrega de libros de texto<\/p>\n","protected":false},"author":2,"featured_media":23681,"comment_status":"open","ping_status":"closed","sticky":false,"template":"","format":"standard","meta":{"footnotes":""},"categories":[10],"tags":[],"class_list":{"0":"post-23680","1":"post","2":"type-post","3":"status-publish","4":"format-standard","5":"has-post-thumbnail","7":"category-hidalgo"},"_links":{"self":[{"href":"https:\/\/elreporterohgo.com\/noticias\/wp-json\/wp\/v2\/posts\/23680","targetHints":{"allow":["GET"]}}],"collection":[{"href":"https:\/\/elreporterohgo.com\/noticias\/wp-json\/wp\/v2\/posts"}],"about":[{"href":"https:\/\/elreporterohgo.com\/noticias\/wp-json\/wp\/v2\/types\/post"}],"author":[{"embeddable":true,"href":"https:\/\/elreporterohgo.com\/noticias\/wp-json\/wp\/v2\/users\/2"}],"replies":[{"embeddable":true,"href":"https:\/\/elreporterohgo.com\/noticias\/wp-json\/wp\/v2\/comments?post=23680"}],"version-history":[{"count":2,"href":"https:\/\/elreporterohgo.com\/noticias\/wp-json\/wp\/v2\/posts\/23680\/revisions"}],"predecessor-version":[{"id":23683,"href":"https:\/\/elreporterohgo.com\/noticias\/wp-json\/wp\/v2\/posts\/23680\/revisions\/23683"}],"wp:featuredmedia":[{"embeddable":true,"href":"https:\/\/elreporterohgo.com\/noticias\/wp-json\/wp\/v2\/media\/23681"}],"wp:attachment":[{"href":"https:\/\/elreporterohgo.com\/noticias\/wp-json\/wp\/v2\/media?parent=23680"}],"wp:term":[{"taxonomy":"category","embeddable":true,"href":"https:\/\/elreporterohgo.com\/noticias\/wp-json\/wp\/v2\/categories?post=23680"},{"taxonomy":"post_tag","embeddable":true,"href":"https:\/\/elreporterohgo.com\/noticias\/wp-json\/wp\/v2\/tags?post=23680"}],"curies":[{"name":"wp","href":"https:\/\/api.w.org\/{rel}","templated":true}]}}