{"id":23658,"date":"2019-02-11T00:16:09","date_gmt":"2019-02-11T06:16:09","guid":{"rendered":"https:\/\/elreporterohgo.com\/noticias\/?p=23658"},"modified":"2019-02-11T00:16:09","modified_gmt":"2019-02-11T06:16:09","slug":"todo-listo-para-el-aeropuerto-de-santa-lucia","status":"publish","type":"post","link":"https:\/\/elreporterohgo.com\/noticias\/2019\/02\/11\/todo-listo-para-el-aeropuerto-de-santa-lucia\/","title":{"rendered":"Todo listo para el aeropuerto de Santa Lucia"},"content":{"rendered":"<p><a href=\"https::\/\/elreporterohgo.com\/noticias\/wp-content\/uploads\/2019\/02\/unnamed-59.jpg\"><img fetchpriority=\"high\" decoding=\"async\" class=\"alignnone size-medium wp-image-23659\" src=\"https::\/\/elreporterohgo.com\/noticias\/wp-content\/uploads\/2019\/02\/unnamed-59-300x187.jpg\" alt=\"\" width=\"300\" height=\"187\" srcset=\"https:\/\/elreporterohgo.com\/noticias\/wp-content\/uploads\/2019\/02\/unnamed-59-300x187.jpg 300w, https:\/\/elreporterohgo.com\/noticias\/wp-content\/uploads\/2019\/02\/unnamed-59-768x480.jpg 768w, https:\/\/elreporterohgo.com\/noticias\/wp-content\/uploads\/2019\/02\/unnamed-59-1024x640.jpg 1024w\" sizes=\"(max-width: 300px) 100vw, 300px\" \/><\/a><a href=\"https::\/\/elreporterohgo.com\/noticias\/wp-content\/uploads\/2019\/02\/unnamed-63.jpg\"><img decoding=\"async\" class=\"alignnone size-medium wp-image-23660\" src=\"https::\/\/elreporterohgo.com\/noticias\/wp-content\/uploads\/2019\/02\/unnamed-63-300x180.jpg\" alt=\"\" width=\"300\" height=\"180\" srcset=\"https:\/\/elreporterohgo.com\/noticias\/wp-content\/uploads\/2019\/02\/unnamed-63-300x180.jpg 300w, https:\/\/elreporterohgo.com\/noticias\/wp-content\/uploads\/2019\/02\/unnamed-63-768x461.jpg 768w, https:\/\/elreporterohgo.com\/noticias\/wp-content\/uploads\/2019\/02\/unnamed-63-1024x614.jpg 1024w, https:\/\/elreporterohgo.com\/noticias\/wp-content\/uploads\/2019\/02\/unnamed-63-600x360.jpg 600w\" sizes=\"(max-width: 300px) 100vw, 300px\" \/><\/a><a href=\"https::\/\/elreporterohgo.com\/noticias\/wp-content\/uploads\/2019\/02\/unnamed-61.jpg\"><img decoding=\"async\" class=\"alignnone size-medium wp-image-23661\" src=\"https::\/\/elreporterohgo.com\/noticias\/wp-content\/uploads\/2019\/02\/unnamed-61-300x183.jpg\" alt=\"\" width=\"300\" height=\"183\" srcset=\"https:\/\/elreporterohgo.com\/noticias\/wp-content\/uploads\/2019\/02\/unnamed-61-300x183.jpg 300w, https:\/\/elreporterohgo.com\/noticias\/wp-content\/uploads\/2019\/02\/unnamed-61-768x468.jpg 768w, https:\/\/elreporterohgo.com\/noticias\/wp-content\/uploads\/2019\/02\/unnamed-61-1024x624.jpg 1024w\" sizes=\"(max-width: 300px) 100vw, 300px\" \/><\/a><a href=\"https::\/\/elreporterohgo.com\/noticias\/wp-content\/uploads\/2019\/02\/unnamed-60.jpg\"><img loading=\"lazy\" decoding=\"async\" class=\"alignnone size-medium wp-image-23662\" src=\"https::\/\/elreporterohgo.com\/noticias\/wp-content\/uploads\/2019\/02\/unnamed-60-300x189.jpg\" alt=\"\" width=\"300\" height=\"189\" srcset=\"https:\/\/elreporterohgo.com\/noticias\/wp-content\/uploads\/2019\/02\/unnamed-60-300x189.jpg 300w, https:\/\/elreporterohgo.com\/noticias\/wp-content\/uploads\/2019\/02\/unnamed-60-768x483.jpg 768w, https:\/\/elreporterohgo.com\/noticias\/wp-content\/uploads\/2019\/02\/unnamed-60-1024x643.jpg 1024w\" sizes=\"(max-width: 300px) 100vw, 300px\" \/><\/a><\/p>\n<p><strong>Omar Fayad fue invitado de honor del Presidente<\/strong><\/p>\n<p>El gobernador Omar Fayad, acudi\u00f3 como invitado especial del presidente de M\u00e9xico Andr\u00e9s Manuel L\u00f3pez Obrador, a la ceremonia conmemorativa del 104 aniversario de la Fuerza A\u00e9rea Mexicana donde se anunci\u00f3 el nuevo Aeropuerto Internacional de Santa Luc\u00eda, el cual trabajar\u00e1 de la mano con el Aeropuerto de la CDMX al igual que con el de Toluca.<\/p>\n<p>Al respecto el mandatario estatal refiri\u00f3 que Hidalgo se congratula al saber que el nuevo Aeropuerto Internacional de Santa Luc\u00eda llevar\u00e1 el nombre del General Felipe \u00c1ngeles, destacado hidalguense oriundo de Zacualtip\u00e1n.<\/p>\n<p>De esta manera, Hidalgo se ver\u00e1 beneficiado por la cercan\u00eda con Santa Luc\u00eda, y un terreno de 900 hect\u00e1reas en Tizayuca, estar\u00e1 disponible para disminuir el tr\u00e1fico a\u00e9reo en este proyecto.<\/p>\n","protected":false},"excerpt":{"rendered":"<p>Omar Fayad fue invitado de honor del Presidente El gobernador Omar Fayad, acudi\u00f3 como invitado especial del presidente de M\u00e9xico Andr\u00e9s Manuel L\u00f3pez Obrador, a la ceremonia conmemorativa del 104 aniversario de la Fuerza A\u00e9rea Mexicana donde se anunci\u00f3 el nuevo Aeropuerto Internacional de Santa Luc\u00eda, el cual trabajar\u00e1 de la mano con el Aeropuerto<\/p>\n","protected":false},"author":2,"featured_media":23661,"comment_status":"open","ping_status":"closed","sticky":false,"template":"","format":"standard","meta":{"footnotes":""},"categories":[10],"tags":[],"class_list":{"0":"post-23658","1":"post","2":"type-post","3":"status-publish","4":"format-standard","5":"has-post-thumbnail","7":"category-hidalgo"},"_links":{"self":[{"href":"https:\/\/elreporterohgo.com\/noticias\/wp-json\/wp\/v2\/posts\/23658","targetHints":{"allow":["GET"]}}],"collection":[{"href":"https:\/\/elreporterohgo.com\/noticias\/wp-json\/wp\/v2\/posts"}],"about":[{"href":"https:\/\/elreporterohgo.com\/noticias\/wp-json\/wp\/v2\/types\/post"}],"author":[{"embeddable":true,"href":"https:\/\/elreporterohgo.com\/noticias\/wp-json\/wp\/v2\/users\/2"}],"replies":[{"embeddable":true,"href":"https:\/\/elreporterohgo.com\/noticias\/wp-json\/wp\/v2\/comments?post=23658"}],"version-history":[{"count":2,"href":"https:\/\/elreporterohgo.com\/noticias\/wp-json\/wp\/v2\/posts\/23658\/revisions"}],"predecessor-version":[{"id":23664,"href":"https:\/\/elreporterohgo.com\/noticias\/wp-json\/wp\/v2\/posts\/23658\/revisions\/23664"}],"wp:featuredmedia":[{"embeddable":true,"href":"https:\/\/elreporterohgo.com\/noticias\/wp-json\/wp\/v2\/media\/23661"}],"wp:attachment":[{"href":"https:\/\/elreporterohgo.com\/noticias\/wp-json\/wp\/v2\/media?parent=23658"}],"wp:term":[{"taxonomy":"category","embeddable":true,"href":"https:\/\/elreporterohgo.com\/noticias\/wp-json\/wp\/v2\/categories?post=23658"},{"taxonomy":"post_tag","embeddable":true,"href":"https:\/\/elreporterohgo.com\/noticias\/wp-json\/wp\/v2\/tags?post=23658"}],"curies":[{"name":"wp","href":"https:\/\/api.w.org\/{rel}","templated":true}]}}