{"id":23640,"date":"2019-02-10T11:08:50","date_gmt":"2019-02-10T17:08:50","guid":{"rendered":"https:\/\/elreporterohgo.com\/noticias\/?p=23640"},"modified":"2019-02-10T11:08:50","modified_gmt":"2019-02-10T17:08:50","slug":"inauguran-obras-en-favor-de-la-educacion","status":"publish","type":"post","link":"https:\/\/elreporterohgo.com\/noticias\/2019\/02\/10\/inauguran-obras-en-favor-de-la-educacion\/","title":{"rendered":"Inauguran obras en favor de la educaci\u00f3n"},"content":{"rendered":"<p><a href=\"https::\/\/elreporterohgo.com\/noticias\/wp-content\/uploads\/2019\/02\/Imagen3-1.jpg\"><img fetchpriority=\"high\" decoding=\"async\" class=\"alignnone size-medium wp-image-23641\" src=\"https::\/\/elreporterohgo.com\/noticias\/wp-content\/uploads\/2019\/02\/Imagen3-1-300x200.jpg\" alt=\"\" width=\"300\" height=\"200\" srcset=\"https:\/\/elreporterohgo.com\/noticias\/wp-content\/uploads\/2019\/02\/Imagen3-1-300x200.jpg 300w, https:\/\/elreporterohgo.com\/noticias\/wp-content\/uploads\/2019\/02\/Imagen3-1-768x512.jpg 768w, https:\/\/elreporterohgo.com\/noticias\/wp-content\/uploads\/2019\/02\/Imagen3-1-1024x682.jpg 1024w, https:\/\/elreporterohgo.com\/noticias\/wp-content\/uploads\/2019\/02\/Imagen3-1.jpg 1688w\" sizes=\"(max-width: 300px) 100vw, 300px\" \/><\/a><a href=\"https::\/\/elreporterohgo.com\/noticias\/wp-content\/uploads\/2019\/02\/Imagen1-1.jpg\"><img decoding=\"async\" class=\"alignnone size-medium wp-image-23642\" src=\"https::\/\/elreporterohgo.com\/noticias\/wp-content\/uploads\/2019\/02\/Imagen1-1-300x200.jpg\" alt=\"\" width=\"300\" height=\"200\" srcset=\"https:\/\/elreporterohgo.com\/noticias\/wp-content\/uploads\/2019\/02\/Imagen1-1-300x200.jpg 300w, https:\/\/elreporterohgo.com\/noticias\/wp-content\/uploads\/2019\/02\/Imagen1-1-768x512.jpg 768w, https:\/\/elreporterohgo.com\/noticias\/wp-content\/uploads\/2019\/02\/Imagen1-1-1024x682.jpg 1024w, https:\/\/elreporterohgo.com\/noticias\/wp-content\/uploads\/2019\/02\/Imagen1-1.jpg 1688w\" sizes=\"(max-width: 300px) 100vw, 300px\" \/><\/a><a href=\"https::\/\/elreporterohgo.com\/noticias\/wp-content\/uploads\/2019\/02\/Imagen2-4.jpg\"><img decoding=\"async\" class=\"alignnone size-medium wp-image-23643\" src=\"https::\/\/elreporterohgo.com\/noticias\/wp-content\/uploads\/2019\/02\/Imagen2-4-300x200.jpg\" alt=\"\" width=\"300\" height=\"200\" srcset=\"https:\/\/elreporterohgo.com\/noticias\/wp-content\/uploads\/2019\/02\/Imagen2-4-300x200.jpg 300w, https:\/\/elreporterohgo.com\/noticias\/wp-content\/uploads\/2019\/02\/Imagen2-4-768x512.jpg 768w, https:\/\/elreporterohgo.com\/noticias\/wp-content\/uploads\/2019\/02\/Imagen2-4-1024x682.jpg 1024w, https:\/\/elreporterohgo.com\/noticias\/wp-content\/uploads\/2019\/02\/Imagen2-4.jpg 1688w\" sizes=\"(max-width: 300px) 100vw, 300px\" \/><\/a><a href=\"https::\/\/elreporterohgo.com\/noticias\/wp-content\/uploads\/2019\/02\/Imagen13.jpg\"><img loading=\"lazy\" decoding=\"async\" class=\"alignnone size-medium wp-image-23644\" src=\"https::\/\/elreporterohgo.com\/noticias\/wp-content\/uploads\/2019\/02\/Imagen13-300x200.jpg\" alt=\"\" width=\"300\" height=\"200\" srcset=\"https:\/\/elreporterohgo.com\/noticias\/wp-content\/uploads\/2019\/02\/Imagen13-300x200.jpg 300w, https:\/\/elreporterohgo.com\/noticias\/wp-content\/uploads\/2019\/02\/Imagen13-768x512.jpg 768w, https:\/\/elreporterohgo.com\/noticias\/wp-content\/uploads\/2019\/02\/Imagen13-1024x683.jpg 1024w, https:\/\/elreporterohgo.com\/noticias\/wp-content\/uploads\/2019\/02\/Imagen13.jpg 1500w\" sizes=\"(max-width: 300px) 100vw, 300px\" \/><\/a><\/p>\n<p>APAN, Hgo.- En medio de un ambiente de j\u00fabilo, Mar\u00eda Antonieta de los \u00c1ngeles Anaya Ortega, Presidenta Municipal de Apan, llev\u00f3 a cabo la inauguraci\u00f3n de importantes obras para el mejoramiento de la infraestructura escolar en comunidades del municipio.<\/p>\n<p>La alcaldesa en su discurso afirm\u00f3: \u201cLa educaci\u00f3n es uno de los principales ejes de la administraci\u00f3n, y con la inauguraci\u00f3n de estas construcciones se est\u00e1 cubriendo alrededor de un 90% de escuelas con alg\u00fan beneficio, atendiendo los niveles b\u00e1sicos, medio superior y superior\u201d.<\/p>\n<p>En el Jard\u00edn de Ni\u00f1os \u201cProfa. Lilia Machuca Sinecio\u201d ubicado en la comunidad de Acopinalco se construyeron una techumbre escolar de 145.78 m<sup>2<\/sup> con un monto de 315 mil 975 pesos y una barda perimetral de 37.5 m lineales con un costo de aproximadamente 193 mil 317 pesos.<\/p>\n<p>La comunidad de San Juan Ixtilmaco tambi\u00e9n obtuvo la edificaci\u00f3n de un comedor escolar en la Escuela Primaria \u201cEmiliano Zapata\u201d cuyo orden fue de 898 mil \u00a0552 pesos; el cual permite a los ni\u00f1os y ni\u00f1as tener un lugar digno y seguro para el consumo de sus alimentos.<\/p>\n<p>Por \u00faltimo, en la Escuela Primaria \u201cLic. Adolfo L\u00f3pez Mateos\u201d de la comunidad de Malayerba se levant\u00f3 una barda perimetral de m\u00e1s de 50 m lineales con un zagu\u00e1n de metal de 7 metros, con una inversi\u00f3n\u00a0 de 398 mil 861 pesos.<\/p>\n<p><a href=\"https::\/\/elreporterohgo.com\/noticias\/wp-content\/uploads\/2019\/02\/Imagen2-2.jpg\"><img loading=\"lazy\" decoding=\"async\" class=\"alignnone size-medium wp-image-23645\" src=\"https::\/\/elreporterohgo.com\/noticias\/wp-content\/uploads\/2019\/02\/Imagen2-2-300x200.jpg\" alt=\"\" width=\"300\" height=\"200\" srcset=\"https:\/\/elreporterohgo.com\/noticias\/wp-content\/uploads\/2019\/02\/Imagen2-2-300x200.jpg 300w, https:\/\/elreporterohgo.com\/noticias\/wp-content\/uploads\/2019\/02\/Imagen2-2-768x512.jpg 768w, https:\/\/elreporterohgo.com\/noticias\/wp-content\/uploads\/2019\/02\/Imagen2-2-1024x683.jpg 1024w, https:\/\/elreporterohgo.com\/noticias\/wp-content\/uploads\/2019\/02\/Imagen2-2.jpg 1500w\" sizes=\"(max-width: 300px) 100vw, 300px\" \/><\/a><\/p>\n","protected":false},"excerpt":{"rendered":"<p>APAN, Hgo.- En medio de un ambiente de j\u00fabilo, Mar\u00eda Antonieta de los \u00c1ngeles Anaya Ortega, Presidenta Municipal de Apan, llev\u00f3 a cabo la inauguraci\u00f3n de importantes obras para el mejoramiento de la infraestructura escolar en comunidades del municipio. La alcaldesa en su discurso afirm\u00f3: \u201cLa educaci\u00f3n es uno de los principales ejes de la<\/p>\n","protected":false},"author":2,"featured_media":23641,"comment_status":"open","ping_status":"closed","sticky":false,"template":"","format":"standard","meta":{"footnotes":""},"categories":[10],"tags":[],"class_list":{"0":"post-23640","1":"post","2":"type-post","3":"status-publish","4":"format-standard","5":"has-post-thumbnail","7":"category-hidalgo"},"_links":{"self":[{"href":"https:\/\/elreporterohgo.com\/noticias\/wp-json\/wp\/v2\/posts\/23640","targetHints":{"allow":["GET"]}}],"collection":[{"href":"https:\/\/elreporterohgo.com\/noticias\/wp-json\/wp\/v2\/posts"}],"about":[{"href":"https:\/\/elreporterohgo.com\/noticias\/wp-json\/wp\/v2\/types\/post"}],"author":[{"embeddable":true,"href":"https:\/\/elreporterohgo.com\/noticias\/wp-json\/wp\/v2\/users\/2"}],"replies":[{"embeddable":true,"href":"https:\/\/elreporterohgo.com\/noticias\/wp-json\/wp\/v2\/comments?post=23640"}],"version-history":[{"count":2,"href":"https:\/\/elreporterohgo.com\/noticias\/wp-json\/wp\/v2\/posts\/23640\/revisions"}],"predecessor-version":[{"id":23647,"href":"https:\/\/elreporterohgo.com\/noticias\/wp-json\/wp\/v2\/posts\/23640\/revisions\/23647"}],"wp:featuredmedia":[{"embeddable":true,"href":"https:\/\/elreporterohgo.com\/noticias\/wp-json\/wp\/v2\/media\/23641"}],"wp:attachment":[{"href":"https:\/\/elreporterohgo.com\/noticias\/wp-json\/wp\/v2\/media?parent=23640"}],"wp:term":[{"taxonomy":"category","embeddable":true,"href":"https:\/\/elreporterohgo.com\/noticias\/wp-json\/wp\/v2\/categories?post=23640"},{"taxonomy":"post_tag","embeddable":true,"href":"https:\/\/elreporterohgo.com\/noticias\/wp-json\/wp\/v2\/tags?post=23640"}],"curies":[{"name":"wp","href":"https:\/\/api.w.org\/{rel}","templated":true}]}}