{"id":23635,"date":"2019-02-10T10:51:21","date_gmt":"2019-02-10T16:51:21","guid":{"rendered":"https:\/\/elreporterohgo.com\/noticias\/?p=23635"},"modified":"2019-02-10T10:51:21","modified_gmt":"2019-02-10T16:51:21","slug":"preparan-octava-jornada-por-el-empleo","status":"publish","type":"post","link":"https:\/\/elreporterohgo.com\/noticias\/2019\/02\/10\/preparan-octava-jornada-por-el-empleo\/","title":{"rendered":"Preparan octava jornada por el empleo"},"content":{"rendered":"<p>&nbsp;<\/p>\n<p><a href=\"https::\/\/elreporterohgo.com\/noticias\/wp-content\/uploads\/2019\/02\/Septima-jornada-por-el-empleo-4.jpeg\"><img fetchpriority=\"high\" decoding=\"async\" class=\"alignnone size-medium wp-image-23637\" src=\"https::\/\/elreporterohgo.com\/noticias\/wp-content\/uploads\/2019\/02\/Septima-jornada-por-el-empleo-4-300x200.jpeg\" alt=\"\" width=\"300\" height=\"200\" srcset=\"https:\/\/elreporterohgo.com\/noticias\/wp-content\/uploads\/2019\/02\/Septima-jornada-por-el-empleo-4-300x200.jpeg 300w, https:\/\/elreporterohgo.com\/noticias\/wp-content\/uploads\/2019\/02\/Septima-jornada-por-el-empleo-4-768x512.jpeg 768w, https:\/\/elreporterohgo.com\/noticias\/wp-content\/uploads\/2019\/02\/Septima-jornada-por-el-empleo-4-1024x682.jpeg 1024w, https:\/\/elreporterohgo.com\/noticias\/wp-content\/uploads\/2019\/02\/Septima-jornada-por-el-empleo-4.jpeg 1280w\" sizes=\"(max-width: 300px) 100vw, 300px\" \/><\/a><\/p>\n<p><strong>Mineral de la Reforma; Hgo. &#8211;\u00a0<\/strong>El gobierno municipal de\u00a0 Mineral de la Reforma a trav\u00e9s de su Secretar\u00eda de Desarrollo Econ\u00f3mico, promueve permanentemente su bolsa de trabajo a partir de la colaboraci\u00f3n con empresas instaladas en Mineral de la Reforma; por lo que el pr\u00f3ximo lunes 11 de febrero se llevar\u00e1 a cabo la \u201c8va. Jornada por el empleo\u201d, con la finalidad de acercar vacantes laborales a la poblaci\u00f3n.<\/p>\n<p>La octava Jornada por el Empleo; tendr\u00e1 lugar en el estacionamiento de Plaza Universidad a partir de las 9 de la ma\u00f1ana\u00a0 y hasta las 3 de la tarde, convocando a las empresas Lock, Banco Azteca, Coca Cola, Oxxo, Duramax, Atento, Farmacias del ahorro, Vicrila, Total Play, Anfora, Nor-Seg, Carnival y Farma Amigo que ofertar\u00e1n 400 vacantes \u00a0laborales.<\/p>\n<p>Por lo que el alcalde Ra\u00fal Camacho Ba\u00f1os, hace extensiva la invitaci\u00f3n a todos los interesados en participar en esta jornada y asistir con su curr\u00edculum elaborado.<\/p>\n<p>Para mayor informaci\u00f3n, pr\u00f3ximas fechas o bolsa de empleo; pueden solicitarla al correo empleomineral@gmail.com, o en la Secretaria de Desarrollo Econ\u00f3mico ubicada en Carr. Pachuca \u2013 Tulancingo No. 4915 Int. 1 en Pachuquilla.<\/p>\n","protected":false},"excerpt":{"rendered":"<p>&nbsp; Mineral de la Reforma; Hgo. &#8211;\u00a0El gobierno municipal de\u00a0 Mineral de la Reforma a trav\u00e9s de su Secretar\u00eda de Desarrollo Econ\u00f3mico, promueve permanentemente su bolsa de trabajo a partir de la colaboraci\u00f3n con empresas instaladas en Mineral de la Reforma; por lo que el pr\u00f3ximo lunes 11 de febrero se llevar\u00e1 a cabo la<\/p>\n","protected":false},"author":2,"featured_media":23637,"comment_status":"open","ping_status":"closed","sticky":false,"template":"","format":"standard","meta":{"footnotes":""},"categories":[10],"tags":[],"class_list":{"0":"post-23635","1":"post","2":"type-post","3":"status-publish","4":"format-standard","5":"has-post-thumbnail","7":"category-hidalgo"},"_links":{"self":[{"href":"https:\/\/elreporterohgo.com\/noticias\/wp-json\/wp\/v2\/posts\/23635","targetHints":{"allow":["GET"]}}],"collection":[{"href":"https:\/\/elreporterohgo.com\/noticias\/wp-json\/wp\/v2\/posts"}],"about":[{"href":"https:\/\/elreporterohgo.com\/noticias\/wp-json\/wp\/v2\/types\/post"}],"author":[{"embeddable":true,"href":"https:\/\/elreporterohgo.com\/noticias\/wp-json\/wp\/v2\/users\/2"}],"replies":[{"embeddable":true,"href":"https:\/\/elreporterohgo.com\/noticias\/wp-json\/wp\/v2\/comments?post=23635"}],"version-history":[{"count":3,"href":"https:\/\/elreporterohgo.com\/noticias\/wp-json\/wp\/v2\/posts\/23635\/revisions"}],"predecessor-version":[{"id":23639,"href":"https:\/\/elreporterohgo.com\/noticias\/wp-json\/wp\/v2\/posts\/23635\/revisions\/23639"}],"wp:featuredmedia":[{"embeddable":true,"href":"https:\/\/elreporterohgo.com\/noticias\/wp-json\/wp\/v2\/media\/23637"}],"wp:attachment":[{"href":"https:\/\/elreporterohgo.com\/noticias\/wp-json\/wp\/v2\/media?parent=23635"}],"wp:term":[{"taxonomy":"category","embeddable":true,"href":"https:\/\/elreporterohgo.com\/noticias\/wp-json\/wp\/v2\/categories?post=23635"},{"taxonomy":"post_tag","embeddable":true,"href":"https:\/\/elreporterohgo.com\/noticias\/wp-json\/wp\/v2\/tags?post=23635"}],"curies":[{"name":"wp","href":"https:\/\/api.w.org\/{rel}","templated":true}]}}