{"id":23621,"date":"2019-02-09T01:55:47","date_gmt":"2019-02-09T07:55:47","guid":{"rendered":"https:\/\/elreporterohgo.com\/noticias\/?p=23621"},"modified":"2019-02-09T01:55:47","modified_gmt":"2019-02-09T07:55:47","slug":"hoy-elefante-se-presente-en-la-feria-de-emiliano-zapata","status":"publish","type":"post","link":"https:\/\/elreporterohgo.com\/noticias\/2019\/02\/09\/hoy-elefante-se-presente-en-la-feria-de-emiliano-zapata\/","title":{"rendered":"Hoy, Elefante se presente en la feria de Emiliano Zapata"},"content":{"rendered":"<p><a href=\"https::\/\/elreporterohgo.com\/noticias\/wp-content\/uploads\/2019\/02\/PHOTO-2019-02-08-13-52-43.jpg\"><img fetchpriority=\"high\" decoding=\"async\" class=\"alignnone size-medium wp-image-23622\" src=\"https::\/\/elreporterohgo.com\/noticias\/wp-content\/uploads\/2019\/02\/PHOTO-2019-02-08-13-52-43-300x199.jpg\" alt=\"\" width=\"300\" height=\"199\" srcset=\"https:\/\/elreporterohgo.com\/noticias\/wp-content\/uploads\/2019\/02\/PHOTO-2019-02-08-13-52-43-300x199.jpg 300w, https:\/\/elreporterohgo.com\/noticias\/wp-content\/uploads\/2019\/02\/PHOTO-2019-02-08-13-52-43-768x511.jpg 768w, https:\/\/elreporterohgo.com\/noticias\/wp-content\/uploads\/2019\/02\/PHOTO-2019-02-08-13-52-43-1024x681.jpg 1024w, https:\/\/elreporterohgo.com\/noticias\/wp-content\/uploads\/2019\/02\/PHOTO-2019-02-08-13-52-43.jpg 1280w\" sizes=\"(max-width: 300px) 100vw, 300px\" \/><\/a><a href=\"https::\/\/elreporterohgo.com\/noticias\/wp-content\/uploads\/2019\/02\/PHOTO-2019-02-08-13-52-42.jpg\"><img decoding=\"async\" class=\"alignnone size-medium wp-image-23623\" src=\"https::\/\/elreporterohgo.com\/noticias\/wp-content\/uploads\/2019\/02\/PHOTO-2019-02-08-13-52-42-300x200.jpg\" alt=\"\" width=\"300\" height=\"200\" srcset=\"https:\/\/elreporterohgo.com\/noticias\/wp-content\/uploads\/2019\/02\/PHOTO-2019-02-08-13-52-42-300x200.jpg 300w, https:\/\/elreporterohgo.com\/noticias\/wp-content\/uploads\/2019\/02\/PHOTO-2019-02-08-13-52-42-768x512.jpg 768w, https:\/\/elreporterohgo.com\/noticias\/wp-content\/uploads\/2019\/02\/PHOTO-2019-02-08-13-52-42-1024x682.jpg 1024w, https:\/\/elreporterohgo.com\/noticias\/wp-content\/uploads\/2019\/02\/PHOTO-2019-02-08-13-52-42.jpg 1280w\" sizes=\"(max-width: 300px) 100vw, 300px\" \/><\/a><\/p>\n<p>Interpretaran todos sus exitos<\/p>\n<p>EMILIANO ZAPATA, Hgo. \u2013 Del primero al domingo 10 de febrero se celebra la tradicional feria anual de Emiliano Zapata, los primeros d\u00edas se han presentado espect\u00e1culos para todos los gustos.<\/p>\n<p>Miles de personas han participado en los festejos del 89 aniversario de la fundaci\u00f3n como poblaci\u00f3n de Emiliano Zapata, sin duda, un municipio joven y pujante rumbo al progreso.<\/p>\n<p>El d\u00eda primero de febrero iniciaron los festejos con m\u00fasica aut\u00f3ctona, juego de pelota como lo hac\u00edan nuestros ancestros.<\/p>\n<p>Se han presentado espect\u00e1culos de alto nivel y han robado la atenci\u00f3n los grupos musicales LIRANROLL, CARLOS EDUARDO RICO, MENEO, YAGUARU,\u00a0 LA SONORA DINAMITA, LOS ROTS, VANESSA OYARS\u00daN \u201cLA VECINA\u201d , ENANITOS TOREROS,\u00a0 EX FUTBOLISTAS PROFESIONALES\u00a0 , EL COLOR FEST Y LA ELEVACI\u00d3N DE GLOBOS AEROST\u00c1TICOS.<\/p>\n<p>Para el d\u00eda de hoy, s\u00e1bado 9 de febrero, se presenta en concierto el s\u00faper grupo \u201cELEFANTE\u201d que estar\u00e1 acompa\u00f1ado de SONIKA Y GALLO COSMICO.<\/p>\n<p>La presentaci\u00f3n de Elefante ser\u00e1 a partir de las once de la ma\u00f1ana en la unidad deportiva, ser\u00e1 un evento con causa, el costo adulto $100 y un kilo de ayuda, ni\u00f1os $50\u00a0 este es\u00a0 uno de los eventos m\u00e1s esperados.<\/p>\n<p>Sin duda acapara la atenci\u00f3n la presentaci\u00f3n de este exitoso grupo musical en virtud que adem\u00e1s de disfrutar todos sus \u00e9xitos, el dinero que se logre recaudar ser\u00e1 para entregar despensas a las personas m\u00e1s humildes del municipio.<\/p>\n<p>Siguiendo con la l\u00ednea de los espect\u00e1culos que se presentar\u00e1n, para cerrar con broche de oro, ma\u00f1ana domingo 10 febrero, se tendr\u00e1 la actuaci\u00f3n de los caballos de PEDRO DOMECQ\u00a0 en lienzo charro.<\/p>\n<p>Tambi\u00e9n habr\u00e1 un desfile por las avenidas principales con la participaci\u00f3n de Bandas de Marcha de Puebla, Tlaxcala e Hidalgo.<br \/>\nEn la tarde noche se realizar\u00e1 la clausura de la feria Emiliano Zapata 2019, por el C.Pr. Antonio Espinoza Espinoza, para posterior escuchar la actuaci\u00f3n de los DUKES Y JORGE DOMINGUEZ Y GRUPO SUPER CLASS.<\/p>\n<p>A\u00fan tienes tiempo de visitar nuestra feria y pasar un rato agradable en el pabell\u00f3n artesanal o en la Granjita did\u00e1ctica, y degustar de la rica comida que tiene para ofrecer la \u201cLA FERIA DE EMILIANO ZAPATA 2019\u201d \u00a1Asiste!<\/p>\n","protected":false},"excerpt":{"rendered":"<p>Interpretaran todos sus exitos EMILIANO ZAPATA, Hgo. \u2013 Del primero al domingo 10 de febrero se celebra la tradicional feria anual de Emiliano Zapata, los primeros d\u00edas se han presentado espect\u00e1culos para todos los gustos. Miles de personas han participado en los festejos del 89 aniversario de la fundaci\u00f3n como poblaci\u00f3n de Emiliano Zapata, sin<\/p>\n","protected":false},"author":2,"featured_media":23622,"comment_status":"open","ping_status":"closed","sticky":false,"template":"","format":"standard","meta":{"footnotes":""},"categories":[10],"tags":[],"class_list":{"0":"post-23621","1":"post","2":"type-post","3":"status-publish","4":"format-standard","5":"has-post-thumbnail","7":"category-hidalgo"},"_links":{"self":[{"href":"https:\/\/elreporterohgo.com\/noticias\/wp-json\/wp\/v2\/posts\/23621","targetHints":{"allow":["GET"]}}],"collection":[{"href":"https:\/\/elreporterohgo.com\/noticias\/wp-json\/wp\/v2\/posts"}],"about":[{"href":"https:\/\/elreporterohgo.com\/noticias\/wp-json\/wp\/v2\/types\/post"}],"author":[{"embeddable":true,"href":"https:\/\/elreporterohgo.com\/noticias\/wp-json\/wp\/v2\/users\/2"}],"replies":[{"embeddable":true,"href":"https:\/\/elreporterohgo.com\/noticias\/wp-json\/wp\/v2\/comments?post=23621"}],"version-history":[{"count":2,"href":"https:\/\/elreporterohgo.com\/noticias\/wp-json\/wp\/v2\/posts\/23621\/revisions"}],"predecessor-version":[{"id":23625,"href":"https:\/\/elreporterohgo.com\/noticias\/wp-json\/wp\/v2\/posts\/23621\/revisions\/23625"}],"wp:featuredmedia":[{"embeddable":true,"href":"https:\/\/elreporterohgo.com\/noticias\/wp-json\/wp\/v2\/media\/23622"}],"wp:attachment":[{"href":"https:\/\/elreporterohgo.com\/noticias\/wp-json\/wp\/v2\/media?parent=23621"}],"wp:term":[{"taxonomy":"category","embeddable":true,"href":"https:\/\/elreporterohgo.com\/noticias\/wp-json\/wp\/v2\/categories?post=23621"},{"taxonomy":"post_tag","embeddable":true,"href":"https:\/\/elreporterohgo.com\/noticias\/wp-json\/wp\/v2\/tags?post=23621"}],"curies":[{"name":"wp","href":"https:\/\/api.w.org\/{rel}","templated":true}]}}