{"id":23611,"date":"2019-02-09T01:33:31","date_gmt":"2019-02-09T07:33:31","guid":{"rendered":"https:\/\/elreporterohgo.com\/noticias\/?p=23611"},"modified":"2019-02-09T01:34:01","modified_gmt":"2019-02-09T07:34:01","slug":"juventud-hidalguense-artifice-de-la-transformacion-del-estado-omar-fayad","status":"publish","type":"post","link":"https:\/\/elreporterohgo.com\/noticias\/2019\/02\/09\/juventud-hidalguense-artifice-de-la-transformacion-del-estado-omar-fayad\/","title":{"rendered":"JUVENTUD HIDALGUENSE ART\u00cdFICE DE LA TRANSFORMACI\u00d3N DEL ESTADO: OMAR FAYAD"},"content":{"rendered":"<p>&nbsp;<\/p>\n<p><a href=\"https::\/\/elreporterohgo.com\/noticias\/wp-content\/uploads\/2019\/02\/unnamed-57.jpg\"><img fetchpriority=\"high\" decoding=\"async\" class=\"alignnone size-medium wp-image-23612\" src=\"https::\/\/elreporterohgo.com\/noticias\/wp-content\/uploads\/2019\/02\/unnamed-57-300x200.jpg\" alt=\"\" width=\"300\" height=\"200\" srcset=\"https:\/\/elreporterohgo.com\/noticias\/wp-content\/uploads\/2019\/02\/unnamed-57-300x200.jpg 300w, https:\/\/elreporterohgo.com\/noticias\/wp-content\/uploads\/2019\/02\/unnamed-57-768x513.jpg 768w, https:\/\/elreporterohgo.com\/noticias\/wp-content\/uploads\/2019\/02\/unnamed-57-1024x683.jpg 1024w\" sizes=\"(max-width: 300px) 100vw, 300px\" \/><\/a><a href=\"https::\/\/elreporterohgo.com\/noticias\/wp-content\/uploads\/2019\/02\/unnamed-58.jpg\"><img decoding=\"async\" class=\"alignnone size-medium wp-image-23613\" src=\"https::\/\/elreporterohgo.com\/noticias\/wp-content\/uploads\/2019\/02\/unnamed-58-200x300.jpg\" alt=\"\" width=\"200\" height=\"300\" srcset=\"https:\/\/elreporterohgo.com\/noticias\/wp-content\/uploads\/2019\/02\/unnamed-58-200x300.jpg 200w, https:\/\/elreporterohgo.com\/noticias\/wp-content\/uploads\/2019\/02\/unnamed-58.jpg 299w\" sizes=\"(max-width: 200px) 100vw, 200px\" \/><\/a><a href=\"https::\/\/elreporterohgo.com\/noticias\/wp-content\/uploads\/2019\/02\/unnamed-56.jpg\"><img decoding=\"async\" class=\"alignnone size-medium wp-image-23614\" src=\"https::\/\/elreporterohgo.com\/noticias\/wp-content\/uploads\/2019\/02\/unnamed-56-300x200.jpg\" alt=\"\" width=\"300\" height=\"200\" srcset=\"https:\/\/elreporterohgo.com\/noticias\/wp-content\/uploads\/2019\/02\/unnamed-56-300x200.jpg 300w, https:\/\/elreporterohgo.com\/noticias\/wp-content\/uploads\/2019\/02\/unnamed-56-768x513.jpg 768w, https:\/\/elreporterohgo.com\/noticias\/wp-content\/uploads\/2019\/02\/unnamed-56-1024x683.jpg 1024w\" sizes=\"(max-width: 300px) 100vw, 300px\" \/><\/a><\/p>\n<p>PACHUCA, Hgo. &#8211; \u201cUstedes saben que estoy muy comprometido con la transformaci\u00f3n de Hidalgo y por eso les doy las gracias por todo el apoyo que he recibido\u201d, as\u00ed lo manifest\u00f3 el gobernador Omar Fayad durante el encuentro que sostuvo con j\u00f3venes estudiantes de educaci\u00f3n Media Superior.<\/p>\n<p>Durante la gala nocturna que se llev\u00f3 a cabo en el museo itinerante de la Capilla Sixtina ubicada en la capital del estado, el mandatario insisti\u00f3 en que para lograr cambios sustanciales, es indispensable trabajar de la mano de las organizaciones de la sociedad civil, y de j\u00f3venes talentosos que decidieron realizar actividades sociales a la par de sus estudios.<\/p>\n<p>\u201cQue esa transformaci\u00f3n llegue a buen puerto, que signifique que todas y todos ustedes tengan mejores oportunidades de vida, becas para estudiar, m\u00e1s oportunidades de trabajo y los apoyos necesarios para seguir adelante\u201d.<\/p>\n<p>Por eso, insisti\u00f3 en que el respaldo de los j\u00f3venes hidalguenses es necesario en la tarea de gobernar, cada vez con mayor \u00e9nfasis y entusiasmo, \u201cpara que ustedes, como estudiantes me sigan ayudando en esta gran transformaci\u00f3n\u201d manifest\u00f3.<\/p>\n<p>Acompa\u00f1ado de los secretarios Sim\u00f3n Vargas y Atilano Rodr\u00edguez, de las secretar\u00edas de Gobierno, de la Pol\u00edtica P\u00fablica y Educaci\u00f3n; Yoshio Cancino, director general del Instituto Hidalguense de la Juventud (IHJ) y el diputado local Julio Valera, reconoci\u00f3 en cada joven la cultura del esfuerzo, disciplina, compromiso y capacidad en favor del desarrollo del estado de Hidalgo.<\/p>\n","protected":false},"excerpt":{"rendered":"<p>&nbsp; PACHUCA, Hgo. &#8211; \u201cUstedes saben que estoy muy comprometido con la transformaci\u00f3n de Hidalgo y por eso les doy las gracias por todo el apoyo que he recibido\u201d, as\u00ed lo manifest\u00f3 el gobernador Omar Fayad durante el encuentro que sostuvo con j\u00f3venes estudiantes de educaci\u00f3n Media Superior. Durante la gala nocturna que se llev\u00f3<\/p>\n","protected":false},"author":2,"featured_media":23613,"comment_status":"open","ping_status":"closed","sticky":false,"template":"","format":"standard","meta":{"footnotes":""},"categories":[10],"tags":[],"class_list":{"0":"post-23611","1":"post","2":"type-post","3":"status-publish","4":"format-standard","5":"has-post-thumbnail","7":"category-hidalgo"},"_links":{"self":[{"href":"https:\/\/elreporterohgo.com\/noticias\/wp-json\/wp\/v2\/posts\/23611","targetHints":{"allow":["GET"]}}],"collection":[{"href":"https:\/\/elreporterohgo.com\/noticias\/wp-json\/wp\/v2\/posts"}],"about":[{"href":"https:\/\/elreporterohgo.com\/noticias\/wp-json\/wp\/v2\/types\/post"}],"author":[{"embeddable":true,"href":"https:\/\/elreporterohgo.com\/noticias\/wp-json\/wp\/v2\/users\/2"}],"replies":[{"embeddable":true,"href":"https:\/\/elreporterohgo.com\/noticias\/wp-json\/wp\/v2\/comments?post=23611"}],"version-history":[{"count":2,"href":"https:\/\/elreporterohgo.com\/noticias\/wp-json\/wp\/v2\/posts\/23611\/revisions"}],"predecessor-version":[{"id":23616,"href":"https:\/\/elreporterohgo.com\/noticias\/wp-json\/wp\/v2\/posts\/23611\/revisions\/23616"}],"wp:featuredmedia":[{"embeddable":true,"href":"https:\/\/elreporterohgo.com\/noticias\/wp-json\/wp\/v2\/media\/23613"}],"wp:attachment":[{"href":"https:\/\/elreporterohgo.com\/noticias\/wp-json\/wp\/v2\/media?parent=23611"}],"wp:term":[{"taxonomy":"category","embeddable":true,"href":"https:\/\/elreporterohgo.com\/noticias\/wp-json\/wp\/v2\/categories?post=23611"},{"taxonomy":"post_tag","embeddable":true,"href":"https:\/\/elreporterohgo.com\/noticias\/wp-json\/wp\/v2\/tags?post=23611"}],"curies":[{"name":"wp","href":"https:\/\/api.w.org\/{rel}","templated":true}]}}