{"id":23597,"date":"2019-02-08T16:32:43","date_gmt":"2019-02-08T22:32:43","guid":{"rendered":"https:\/\/elreporterohgo.com\/noticias\/?p=23597"},"modified":"2019-02-08T16:32:43","modified_gmt":"2019-02-08T22:32:43","slug":"asegurados-por-portar-armas-de-fuego","status":"publish","type":"post","link":"https:\/\/elreporterohgo.com\/noticias\/2019\/02\/08\/asegurados-por-portar-armas-de-fuego\/","title":{"rendered":"Asegurados por portar armas de fuego"},"content":{"rendered":"<p><a href=\"https::\/\/elreporterohgo.com\/noticias\/wp-content\/uploads\/2019\/02\/PHOTO-2019-02-08-10-18-32-1.jpg\"><img fetchpriority=\"high\" decoding=\"async\" class=\"alignnone size-medium wp-image-23598\" src=\"https::\/\/elreporterohgo.com\/noticias\/wp-content\/uploads\/2019\/02\/PHOTO-2019-02-08-10-18-32-1-230x300.jpg\" alt=\"\" width=\"230\" height=\"300\" srcset=\"https:\/\/elreporterohgo.com\/noticias\/wp-content\/uploads\/2019\/02\/PHOTO-2019-02-08-10-18-32-1-230x300.jpg 230w, https:\/\/elreporterohgo.com\/noticias\/wp-content\/uploads\/2019\/02\/PHOTO-2019-02-08-10-18-32-1.jpg 517w\" sizes=\"(max-width: 230px) 100vw, 230px\" \/><\/a><a href=\"https::\/\/elreporterohgo.com\/noticias\/wp-content\/uploads\/2019\/02\/PHOTO-2019-02-08-10-18-32.jpg\"><img decoding=\"async\" class=\"alignnone size-medium wp-image-23599\" src=\"https::\/\/elreporterohgo.com\/noticias\/wp-content\/uploads\/2019\/02\/PHOTO-2019-02-08-10-18-32-222x300.jpg\" alt=\"\" width=\"222\" height=\"300\" srcset=\"https:\/\/elreporterohgo.com\/noticias\/wp-content\/uploads\/2019\/02\/PHOTO-2019-02-08-10-18-32-222x300.jpg 222w, https:\/\/elreporterohgo.com\/noticias\/wp-content\/uploads\/2019\/02\/PHOTO-2019-02-08-10-18-32.jpg 479w\" sizes=\"(max-width: 222px) 100vw, 222px\" \/><\/a><a href=\"https::\/\/elreporterohgo.com\/noticias\/wp-content\/uploads\/2019\/02\/PHOTO-2019-02-08-10-18-33.jpg\"><img decoding=\"async\" class=\"alignnone size-medium wp-image-23600\" src=\"https::\/\/elreporterohgo.com\/noticias\/wp-content\/uploads\/2019\/02\/PHOTO-2019-02-08-10-18-33-300x125.jpg\" alt=\"\" width=\"300\" height=\"125\" srcset=\"https:\/\/elreporterohgo.com\/noticias\/wp-content\/uploads\/2019\/02\/PHOTO-2019-02-08-10-18-33-300x125.jpg 300w, https:\/\/elreporterohgo.com\/noticias\/wp-content\/uploads\/2019\/02\/PHOTO-2019-02-08-10-18-33-768x319.jpg 768w, https:\/\/elreporterohgo.com\/noticias\/wp-content\/uploads\/2019\/02\/PHOTO-2019-02-08-10-18-33-1024x426.jpg 1024w, https:\/\/elreporterohgo.com\/noticias\/wp-content\/uploads\/2019\/02\/PHOTO-2019-02-08-10-18-33.jpg 1256w\" sizes=\"(max-width: 300px) 100vw, 300px\" \/><\/a><a href=\"https::\/\/elreporterohgo.com\/noticias\/wp-content\/uploads\/2019\/02\/PHOTO-2019-02-08-10-18-33-1.jpg\"><img loading=\"lazy\" decoding=\"async\" class=\"alignnone size-medium wp-image-23601\" src=\"https::\/\/elreporterohgo.com\/noticias\/wp-content\/uploads\/2019\/02\/PHOTO-2019-02-08-10-18-33-1-285x300.jpg\" alt=\"\" width=\"285\" height=\"300\" srcset=\"https:\/\/elreporterohgo.com\/noticias\/wp-content\/uploads\/2019\/02\/PHOTO-2019-02-08-10-18-33-1-285x300.jpg 285w, https:\/\/elreporterohgo.com\/noticias\/wp-content\/uploads\/2019\/02\/PHOTO-2019-02-08-10-18-33-1-768x807.jpg 768w, https:\/\/elreporterohgo.com\/noticias\/wp-content\/uploads\/2019\/02\/PHOTO-2019-02-08-10-18-33-1-974x1024.jpg 974w, https:\/\/elreporterohgo.com\/noticias\/wp-content\/uploads\/2019\/02\/PHOTO-2019-02-08-10-18-33-1.jpg 1218w\" sizes=\"(max-width: 285px) 100vw, 285px\" \/><\/a><\/p>\n<p>San Felipe Orizatl\u00e1n, Hgo. &#8211; \u00a0Como parte de las acciones de prevenci\u00f3n de delitos de alto impacto, como son los homicidios, dos hombres fueron asegurados por agentes de la Secretar\u00eda de Seguridad P\u00fablica de Hidalgo y puestos a disposici\u00f3n de la Fiscal\u00eda General de la Rep\u00fablica.<\/p>\n<p>En San Felipe Orizatl\u00e1n, un individuo fue intervenido en las inmediaciones de la Unidad Deportiva Municipal cuando se desplazaba a bordo de un auto Ford, tipo Mondeo, color dorado, con placas de Hidalgo.<\/p>\n<p>Al ser objeto de una revisi\u00f3n por polic\u00edas estatales, a quien dijo llamarse E.S.R., de 51 a\u00f1os, se le encontr\u00f3 un arma de fuego calibre .25, abastecida con seis cartuchos \u00fatiles, sin acreditar su portaci\u00f3n legal.<\/p>\n<p>A su vez, en Epazoyucan, una persona fue asegurada por oficiales de la Agencia de Seguridad Estatal sobre un camino de terracer\u00eda en el acceso a la cabecera municipal.<\/p>\n<p>Al individuo identificado como J.C.M.L., de 32 a\u00f1os, le fue localizada un arma de fuego larga, as\u00ed como 14 cartuchos calibre .20.<\/p>\n","protected":false},"excerpt":{"rendered":"<p>San Felipe Orizatl\u00e1n, Hgo. &#8211; \u00a0Como parte de las acciones de prevenci\u00f3n de delitos de alto impacto, como son los homicidios, dos hombres fueron asegurados por agentes de la Secretar\u00eda de Seguridad P\u00fablica de Hidalgo y puestos a disposici\u00f3n de la Fiscal\u00eda General de la Rep\u00fablica. En San Felipe Orizatl\u00e1n, un individuo fue intervenido en<\/p>\n","protected":false},"author":2,"featured_media":23599,"comment_status":"open","ping_status":"closed","sticky":false,"template":"","format":"standard","meta":{"footnotes":""},"categories":[10],"tags":[],"class_list":{"0":"post-23597","1":"post","2":"type-post","3":"status-publish","4":"format-standard","5":"has-post-thumbnail","7":"category-hidalgo"},"_links":{"self":[{"href":"https:\/\/elreporterohgo.com\/noticias\/wp-json\/wp\/v2\/posts\/23597","targetHints":{"allow":["GET"]}}],"collection":[{"href":"https:\/\/elreporterohgo.com\/noticias\/wp-json\/wp\/v2\/posts"}],"about":[{"href":"https:\/\/elreporterohgo.com\/noticias\/wp-json\/wp\/v2\/types\/post"}],"author":[{"embeddable":true,"href":"https:\/\/elreporterohgo.com\/noticias\/wp-json\/wp\/v2\/users\/2"}],"replies":[{"embeddable":true,"href":"https:\/\/elreporterohgo.com\/noticias\/wp-json\/wp\/v2\/comments?post=23597"}],"version-history":[{"count":2,"href":"https:\/\/elreporterohgo.com\/noticias\/wp-json\/wp\/v2\/posts\/23597\/revisions"}],"predecessor-version":[{"id":23603,"href":"https:\/\/elreporterohgo.com\/noticias\/wp-json\/wp\/v2\/posts\/23597\/revisions\/23603"}],"wp:featuredmedia":[{"embeddable":true,"href":"https:\/\/elreporterohgo.com\/noticias\/wp-json\/wp\/v2\/media\/23599"}],"wp:attachment":[{"href":"https:\/\/elreporterohgo.com\/noticias\/wp-json\/wp\/v2\/media?parent=23597"}],"wp:term":[{"taxonomy":"category","embeddable":true,"href":"https:\/\/elreporterohgo.com\/noticias\/wp-json\/wp\/v2\/categories?post=23597"},{"taxonomy":"post_tag","embeddable":true,"href":"https:\/\/elreporterohgo.com\/noticias\/wp-json\/wp\/v2\/tags?post=23597"}],"curies":[{"name":"wp","href":"https:\/\/api.w.org\/{rel}","templated":true}]}}