{"id":23590,"date":"2019-02-07T19:09:57","date_gmt":"2019-02-08T01:09:57","guid":{"rendered":"https:\/\/elreporterohgo.com\/noticias\/?p=23590"},"modified":"2019-02-07T19:09:57","modified_gmt":"2019-02-08T01:09:57","slug":"joven-listo-para-viaja-a-roma","status":"publish","type":"post","link":"https:\/\/elreporterohgo.com\/noticias\/2019\/02\/07\/joven-listo-para-viaja-a-roma\/","title":{"rendered":"J\u00f3ven listo para viaja a Roma"},"content":{"rendered":"<p>&nbsp;<\/p>\n<p><a href=\"https::\/\/elreporterohgo.com\/noticias\/wp-content\/uploads\/2019\/02\/unnamed-54.jpg\"><img fetchpriority=\"high\" decoding=\"async\" class=\"alignnone size-medium wp-image-23591\" src=\"https::\/\/elreporterohgo.com\/noticias\/wp-content\/uploads\/2019\/02\/unnamed-54-300x200.jpg\" alt=\"\" width=\"300\" height=\"200\" srcset=\"https:\/\/elreporterohgo.com\/noticias\/wp-content\/uploads\/2019\/02\/unnamed-54-300x200.jpg 300w, https:\/\/elreporterohgo.com\/noticias\/wp-content\/uploads\/2019\/02\/unnamed-54-768x512.jpg 768w, https:\/\/elreporterohgo.com\/noticias\/wp-content\/uploads\/2019\/02\/unnamed-54-1024x683.jpg 1024w\" sizes=\"(max-width: 300px) 100vw, 300px\" \/><\/a><a href=\"https::\/\/elreporterohgo.com\/noticias\/wp-content\/uploads\/2019\/02\/unnamed-53.jpg\"><img decoding=\"async\" class=\"alignnone size-medium wp-image-23592\" src=\"https::\/\/elreporterohgo.com\/noticias\/wp-content\/uploads\/2019\/02\/unnamed-53-300x200.jpg\" alt=\"\" width=\"300\" height=\"200\" srcset=\"https:\/\/elreporterohgo.com\/noticias\/wp-content\/uploads\/2019\/02\/unnamed-53-300x200.jpg 300w, https:\/\/elreporterohgo.com\/noticias\/wp-content\/uploads\/2019\/02\/unnamed-53-768x512.jpg 768w, https:\/\/elreporterohgo.com\/noticias\/wp-content\/uploads\/2019\/02\/unnamed-53-1024x683.jpg 1024w\" sizes=\"(max-width: 300px) 100vw, 300px\" \/><\/a><\/p>\n<p><em>&#8211;\u00a0 El ganador es Ambrosio Mart\u00ednez Hern\u00e1ndez, originario del municipio de Yahualica.<\/em><\/p>\n<p><em>\u00a0<\/em><em>&#8211;<\/em> <em>Papa Francisco recibir\u00e1 al visitante n\u00famero 3 millones de la \u00abCapilla Sixtina en Pachuca\u201d.<\/em><\/p>\n<p>Pachuca de Soto, Hgo. &#8211;\u00a0En conferencia de prensa, el gobernador Omar Fayad dio a conocer al ganador de un viaje a la ciudad de Roma, por ser el visitante n\u00famero 3 millones del proyecto \u00abCapilla Sixtina en M\u00e9xico\u00bb, en este momento con sede en Pachuca, instalada en el parque David Ben-Guri\u00f3n.<\/p>\n<p>Ambrosio Mart\u00ednez Hern\u00e1ndez, originario de la localidad de Santa Teresa, municipio de Yahualica, es el afortunado hidalguense que visitar\u00e1 el Vaticano, y como parte de la distinci\u00f3n, ser\u00e1 recibido en una audiencia privada por el Papa Francisco, pero adem\u00e1s realizar\u00e1 el viaje en compa\u00f1\u00eda de su familia.<\/p>\n<p>El mandatario estatal resalt\u00f3 que previo al ingreso de Ambrosio a la Capilla Sixtina, fue captado teniendo un acto de humildad y generosidad al ceder su lugar a una persona mayor, acci\u00f3n que hizo que fuera mayormente merecedor a tener una oportunidad que cambiar\u00e1 su vida.<\/p>\n<p>Agradeci\u00f3 a las autoridades del Vaticano, a la nunciatura, a las autoridades eclesi\u00e1sticas en M\u00e9xico, por hacer posible la presencia de este museo itinerante que recibe aproximadamente a 600 personas cada media hora.<\/p>\n<p>Finalmente, llam\u00f3 a los hidalguenses que no se han dado el tiempo de vivir esta experiencia, a visitar una de las obras m\u00e1s grandes, art\u00edsticas y culturales del mundo.<\/p>\n<p>Por su parte, Ambrosio Mart\u00ednez, estudiante de preparatoria del Centro de Educaci\u00f3n Media Superior a Distancia (CEMSaD), dijo que gracias a esta experiencia, podr\u00e1 conocer otro continente, pero sobre todo, dijo estar muy emocionado por conocer al Papa Francisco. Adem\u00e1s en entrevista a medios de comunicaci\u00f3n agradeci\u00f3 el apoyo del gobernador a quien reconoci\u00f3 el trabajo que est\u00e1 realizando en el modelo de educaci\u00f3n en Hidalgo.<\/p>\n<p>Sergio D\u00e1vila en representaci\u00f3n de Antonio y Gabriel Berumen, expres\u00f3 su agradecimiento al pueblo de Hidalgo a nombre del proyecto \u00abCapilla Sixtina en M\u00e9xico\u00bb, de la misma forma, asegur\u00f3 que la entidad ha brindado un ambiente propicio para la exposici\u00f3n, misma que la gente ha sabido aprovechar.<\/p>\n","protected":false},"excerpt":{"rendered":"<p>&nbsp; &#8211;\u00a0 El ganador es Ambrosio Mart\u00ednez Hern\u00e1ndez, originario del municipio de Yahualica. \u00a0&#8211; Papa Francisco recibir\u00e1 al visitante n\u00famero 3 millones de la \u00abCapilla Sixtina en Pachuca\u201d. Pachuca de Soto, Hgo. &#8211;\u00a0En conferencia de prensa, el gobernador Omar Fayad dio a conocer al ganador de un viaje a la ciudad de Roma, por ser<\/p>\n","protected":false},"author":2,"featured_media":23591,"comment_status":"open","ping_status":"closed","sticky":false,"template":"","format":"standard","meta":{"footnotes":""},"categories":[10],"tags":[],"class_list":{"0":"post-23590","1":"post","2":"type-post","3":"status-publish","4":"format-standard","5":"has-post-thumbnail","7":"category-hidalgo"},"_links":{"self":[{"href":"https:\/\/elreporterohgo.com\/noticias\/wp-json\/wp\/v2\/posts\/23590","targetHints":{"allow":["GET"]}}],"collection":[{"href":"https:\/\/elreporterohgo.com\/noticias\/wp-json\/wp\/v2\/posts"}],"about":[{"href":"https:\/\/elreporterohgo.com\/noticias\/wp-json\/wp\/v2\/types\/post"}],"author":[{"embeddable":true,"href":"https:\/\/elreporterohgo.com\/noticias\/wp-json\/wp\/v2\/users\/2"}],"replies":[{"embeddable":true,"href":"https:\/\/elreporterohgo.com\/noticias\/wp-json\/wp\/v2\/comments?post=23590"}],"version-history":[{"count":2,"href":"https:\/\/elreporterohgo.com\/noticias\/wp-json\/wp\/v2\/posts\/23590\/revisions"}],"predecessor-version":[{"id":23594,"href":"https:\/\/elreporterohgo.com\/noticias\/wp-json\/wp\/v2\/posts\/23590\/revisions\/23594"}],"wp:featuredmedia":[{"embeddable":true,"href":"https:\/\/elreporterohgo.com\/noticias\/wp-json\/wp\/v2\/media\/23591"}],"wp:attachment":[{"href":"https:\/\/elreporterohgo.com\/noticias\/wp-json\/wp\/v2\/media?parent=23590"}],"wp:term":[{"taxonomy":"category","embeddable":true,"href":"https:\/\/elreporterohgo.com\/noticias\/wp-json\/wp\/v2\/categories?post=23590"},{"taxonomy":"post_tag","embeddable":true,"href":"https:\/\/elreporterohgo.com\/noticias\/wp-json\/wp\/v2\/tags?post=23590"}],"curies":[{"name":"wp","href":"https:\/\/api.w.org\/{rel}","templated":true}]}}