{"id":23559,"date":"2019-02-07T00:22:20","date_gmt":"2019-02-07T06:22:20","guid":{"rendered":"https:\/\/elreporterohgo.com\/noticias\/?p=23559"},"modified":"2019-02-07T00:22:20","modified_gmt":"2019-02-07T06:22:20","slug":"violador-es-vinculado-a-proceso","status":"publish","type":"post","link":"https:\/\/elreporterohgo.com\/noticias\/2019\/02\/07\/violador-es-vinculado-a-proceso\/","title":{"rendered":"Violador es vinculado a proceso"},"content":{"rendered":"<p>&nbsp;<\/p>\n<p><a href=\"https::\/\/elreporterohgo.com\/noticias\/wp-content\/uploads\/2019\/02\/Marcos-N-1.jpeg\"><img fetchpriority=\"high\" decoding=\"async\" class=\"alignnone size-medium wp-image-23560\" src=\"https::\/\/elreporterohgo.com\/noticias\/wp-content\/uploads\/2019\/02\/Marcos-N-1-251x300.jpeg\" alt=\"\" width=\"251\" height=\"300\" srcset=\"https:\/\/elreporterohgo.com\/noticias\/wp-content\/uploads\/2019\/02\/Marcos-N-1-251x300.jpeg 251w, https:\/\/elreporterohgo.com\/noticias\/wp-content\/uploads\/2019\/02\/Marcos-N-1.jpeg 414w\" sizes=\"(max-width: 251px) 100vw, 251px\" \/><\/a><\/p>\n<p>SINGUILUCAN, Hgo.- A trav\u00e9s de un agente del Ministerio P\u00fablico adscrito a la Subprocuradur\u00eda de Derechos Humanos y Servicios a la Comunidad, la Procuradur\u00eda General de Justicia del estado de Hidalgo (PGJEH) obtuvo la vinculaci\u00f3n a proceso de un hombre acusado de violaci\u00f3n.<\/p>\n<p>Los hechos de los cuales Marcos \u201cN\u201d es se\u00f1alado como probable responsable, ocurrieron en Singuilucan, al interior de la habitaci\u00f3n de la v\u00edctima, hasta donde el presunto responsable ingres\u00f3 y atac\u00f3 sexualmente a su familiar.<\/p>\n<p>Derivado de los hechos, la agraviada en compa\u00f1\u00eda de su familia, acudi\u00f3 a la Agencia del Ministerio P\u00fablico, en donde inici\u00f3 su carpeta de investigaci\u00f3n correspondiente.<\/p>\n<p>En el momento que esta Procuradur\u00eda conoci\u00f3 de la denuncia, un equipo multidisciplinario de la Subprocuradur\u00eda de Derechos Humanos y Servicios a la Comunidad, brind\u00f3 a la agredida atenci\u00f3n legal y psicol\u00f3gica.<\/p>\n<p>Posteriormente el Ministerio P\u00fablico recab\u00f3 los indicios suficientes y con ellos, solicit\u00f3 a la autoridad judicial la orden de aprehensi\u00f3n en contra del presunto agresor, misma que fue otorgada y posteriormente cumplimentada por agentes de la Polic\u00eda Investigadora.<\/p>\n<p>Con base en los argumentos que el agente de la Procuradur\u00eda General de Justicia del estado de Hidalgo expres\u00f3 durante la audiencia inicial, el Juez dict\u00f3 la vinculaci\u00f3n a proceso de Marcos \u201cN\u201d, por el delito de violaci\u00f3n equiparada agravada, por lo que enfrenta un proceso penal. Al ahora vinculado a proceso le fue impuesta la medida cautelar de prisi\u00f3n preventiva oficiosa.<\/p>\n","protected":false},"excerpt":{"rendered":"<p>&nbsp; SINGUILUCAN, Hgo.- A trav\u00e9s de un agente del Ministerio P\u00fablico adscrito a la Subprocuradur\u00eda de Derechos Humanos y Servicios a la Comunidad, la Procuradur\u00eda General de Justicia del estado de Hidalgo (PGJEH) obtuvo la vinculaci\u00f3n a proceso de un hombre acusado de violaci\u00f3n. Los hechos de los cuales Marcos \u201cN\u201d es se\u00f1alado como probable<\/p>\n","protected":false},"author":2,"featured_media":23560,"comment_status":"open","ping_status":"closed","sticky":false,"template":"","format":"standard","meta":{"footnotes":""},"categories":[10],"tags":[],"class_list":{"0":"post-23559","1":"post","2":"type-post","3":"status-publish","4":"format-standard","5":"has-post-thumbnail","7":"category-hidalgo"},"_links":{"self":[{"href":"https:\/\/elreporterohgo.com\/noticias\/wp-json\/wp\/v2\/posts\/23559","targetHints":{"allow":["GET"]}}],"collection":[{"href":"https:\/\/elreporterohgo.com\/noticias\/wp-json\/wp\/v2\/posts"}],"about":[{"href":"https:\/\/elreporterohgo.com\/noticias\/wp-json\/wp\/v2\/types\/post"}],"author":[{"embeddable":true,"href":"https:\/\/elreporterohgo.com\/noticias\/wp-json\/wp\/v2\/users\/2"}],"replies":[{"embeddable":true,"href":"https:\/\/elreporterohgo.com\/noticias\/wp-json\/wp\/v2\/comments?post=23559"}],"version-history":[{"count":2,"href":"https:\/\/elreporterohgo.com\/noticias\/wp-json\/wp\/v2\/posts\/23559\/revisions"}],"predecessor-version":[{"id":23562,"href":"https:\/\/elreporterohgo.com\/noticias\/wp-json\/wp\/v2\/posts\/23559\/revisions\/23562"}],"wp:featuredmedia":[{"embeddable":true,"href":"https:\/\/elreporterohgo.com\/noticias\/wp-json\/wp\/v2\/media\/23560"}],"wp:attachment":[{"href":"https:\/\/elreporterohgo.com\/noticias\/wp-json\/wp\/v2\/media?parent=23559"}],"wp:term":[{"taxonomy":"category","embeddable":true,"href":"https:\/\/elreporterohgo.com\/noticias\/wp-json\/wp\/v2\/categories?post=23559"},{"taxonomy":"post_tag","embeddable":true,"href":"https:\/\/elreporterohgo.com\/noticias\/wp-json\/wp\/v2\/tags?post=23559"}],"curies":[{"name":"wp","href":"https:\/\/api.w.org\/{rel}","templated":true}]}}