{"id":23541,"date":"2019-02-05T23:23:41","date_gmt":"2019-02-06T05:23:41","guid":{"rendered":"https:\/\/elreporterohgo.com\/noticias\/?p=23541"},"modified":"2019-02-05T23:23:41","modified_gmt":"2019-02-06T05:23:41","slug":"alianza-para-impulsar-el-desarrollo-de-la-industria-hidalguense","status":"publish","type":"post","link":"https:\/\/elreporterohgo.com\/noticias\/2019\/02\/05\/alianza-para-impulsar-el-desarrollo-de-la-industria-hidalguense\/","title":{"rendered":"Alianza para impulsar el desarrollo de la industria hidalguense"},"content":{"rendered":"<p>&nbsp;<\/p>\n<p><a href=\"https::\/\/elreporterohgo.com\/noticias\/wp-content\/uploads\/2019\/02\/unnamed-48.jpg\"><img fetchpriority=\"high\" decoding=\"async\" class=\"alignnone size-medium wp-image-23542\" src=\"https::\/\/elreporterohgo.com\/noticias\/wp-content\/uploads\/2019\/02\/unnamed-48-300x196.jpg\" alt=\"\" width=\"300\" height=\"196\" srcset=\"https:\/\/elreporterohgo.com\/noticias\/wp-content\/uploads\/2019\/02\/unnamed-48-300x196.jpg 300w, https:\/\/elreporterohgo.com\/noticias\/wp-content\/uploads\/2019\/02\/unnamed-48-768x501.jpg 768w, https:\/\/elreporterohgo.com\/noticias\/wp-content\/uploads\/2019\/02\/unnamed-48-1024x668.jpg 1024w\" sizes=\"(max-width: 300px) 100vw, 300px\" \/><\/a><\/p>\n<p><em>-El gobernador destac\u00f3 la importante captaci\u00f3n de nuevas inversiones para la entidad en tan s\u00f3lo dos a\u00f1os.<\/em><\/p>\n<p><em>-Se anunci\u00f3, que Hidalgo ser\u00e1 la sede del evento nacional del programa \u2018Innovaci\u00f3n 360\u2019<\/em><em>.<\/em><\/p>\n<p>Ciudad de M\u00e9xico. &#8211;\u00a0En el marco de la asamblea del Consejo Directivo de la C\u00e1mara Nacional de la Industria de Transformaci\u00f3n (CANACINTRA), el presidente de ese organismo Enrique Guill\u00e9n Mondrag\u00f3n, coincidi\u00f3 con la visi\u00f3n del gobernador Omar Fayad, de fomentar la consolidaci\u00f3n de una alianza estrat\u00e9gica para el impulso de la industria hidalguense a trav\u00e9s de la tecnolog\u00eda e innovaci\u00f3n.<\/p>\n<p>Al respecto, el jefe del Ejecutivo estatal insisti\u00f3 en que aqu\u00ed existe un nicho de oportunidades donde las inversiones florecen; \u201cme propuse proyectar a Hidalgo como el pr\u00f3ximo punto de desarrollo del pa\u00eds, el pr\u00f3ximo destino econ\u00f3mico m\u00e1s importante de M\u00e9xico\u00bb.<\/p>\n<p>Explic\u00f3 que el estado cuenta con una larga vocaci\u00f3n transformadora, a trav\u00e9s de importantes actividades que se han llevado aqu\u00ed a lo largo de su historia, como la miner\u00eda, la industria manufacturera, la actividad cementera, entre otras.<\/p>\n<p>\u201cYo reconozco el valor de la clase empresarial, reconozco el esfuerzo sobre todo de la clase empresarial que tiene que ver con la industria de la transformaci\u00f3n, sin ustedes no se explica el desarrollo, el crecimiento y el empleo\u201d, se\u00f1al\u00f3.<\/p>\n<p>No obstante que tambi\u00e9n se posee un amplio reconocimiento en sectores como el agroindustrial, cervecero, textil, farmac\u00e9utico, entre otros; sumado a esto la distribuci\u00f3n estrat\u00e9gica de parques industriales en diversas regiones del estado.<\/p>\n<p>Se detall\u00f3 que en lo que va de esta administraci\u00f3n, la entidad ha experimentado un crecimiento 5 veces superior en comparaci\u00f3n con el gobierno anterior; muestra de ello fue la captaci\u00f3n de 46 mil MDP en nuevos capitales en los primeros dos a\u00f1os as\u00ed como el crecimiento del 3.1% anual en comparaci\u00f3n del 2.1% de la media nacional.<\/p>\n<p>Hidalgo se coloc\u00f3 dentro de los primeros lugares nacionales en generaci\u00f3n de empleos, con una mayor estabilidad financiera gracias a las notas positivas de las calificadoras internacionales, pero sobre todo, por ser uno de los cinco estados m\u00e1s seguros del pa\u00eds que ha permitido que inversionistas tengan certeza de venir a la entidad para crecer.<\/p>\n<p>Ante representantes de industriales de todo el pa\u00eds, Guill\u00e9n Mondrag\u00f3n, destac\u00f3 que en el territorio hidalguense ha encontrado un gobierno de puertas abiertas para emprender e invertir al tiempo que reconoci\u00f3 a la administraci\u00f3n estatal por el impulso a la innovaci\u00f3n, con el uso de la ciencia y tecnolog\u00eda, ya que afirm\u00f3 \u00abla industria 4.0 est\u00e1 cambiando los procesos de producci\u00f3n en el mundo y adaptarnos a ella es fundamental\u00bb.<\/p>\n<p>El presidente de Canacintra extern\u00f3 su solidaridad por los hechos ocurridos en Tlahuelilpan, reconociendo la coordinaci\u00f3n y determinaci\u00f3n de la administraci\u00f3n del gobernador Omar Fayad para responder con prontitud y eficiencia, ante esta dolorosa situaci\u00f3n.<\/p>\n<p>Finalmente, se anunci\u00f3 que la entidad ser\u00e1 la pr\u00f3xima sede del evento nacional del programa \u00abInnovaci\u00f3n 360\u00bb, el cual contar\u00e1 con la participaci\u00f3n de conferencistas internacionales, talleres de innovaci\u00f3n, networking y la realizaci\u00f3n de un hacket\u00f3n, con la finalidad de promover la innovaci\u00f3n en beneficio de las PyMEs hidalguenses.<\/p>\n<p>&nbsp;<\/p>\n","protected":false},"excerpt":{"rendered":"<p>&nbsp; -El gobernador destac\u00f3 la importante captaci\u00f3n de nuevas inversiones para la entidad en tan s\u00f3lo dos a\u00f1os. -Se anunci\u00f3, que Hidalgo ser\u00e1 la sede del evento nacional del programa \u2018Innovaci\u00f3n 360\u2019. Ciudad de M\u00e9xico. &#8211;\u00a0En el marco de la asamblea del Consejo Directivo de la C\u00e1mara Nacional de la Industria de Transformaci\u00f3n (CANACINTRA), el<\/p>\n","protected":false},"author":2,"featured_media":23542,"comment_status":"open","ping_status":"closed","sticky":false,"template":"","format":"standard","meta":{"footnotes":""},"categories":[10],"tags":[],"class_list":{"0":"post-23541","1":"post","2":"type-post","3":"status-publish","4":"format-standard","5":"has-post-thumbnail","7":"category-hidalgo"},"_links":{"self":[{"href":"https:\/\/elreporterohgo.com\/noticias\/wp-json\/wp\/v2\/posts\/23541","targetHints":{"allow":["GET"]}}],"collection":[{"href":"https:\/\/elreporterohgo.com\/noticias\/wp-json\/wp\/v2\/posts"}],"about":[{"href":"https:\/\/elreporterohgo.com\/noticias\/wp-json\/wp\/v2\/types\/post"}],"author":[{"embeddable":true,"href":"https:\/\/elreporterohgo.com\/noticias\/wp-json\/wp\/v2\/users\/2"}],"replies":[{"embeddable":true,"href":"https:\/\/elreporterohgo.com\/noticias\/wp-json\/wp\/v2\/comments?post=23541"}],"version-history":[{"count":2,"href":"https:\/\/elreporterohgo.com\/noticias\/wp-json\/wp\/v2\/posts\/23541\/revisions"}],"predecessor-version":[{"id":23544,"href":"https:\/\/elreporterohgo.com\/noticias\/wp-json\/wp\/v2\/posts\/23541\/revisions\/23544"}],"wp:featuredmedia":[{"embeddable":true,"href":"https:\/\/elreporterohgo.com\/noticias\/wp-json\/wp\/v2\/media\/23542"}],"wp:attachment":[{"href":"https:\/\/elreporterohgo.com\/noticias\/wp-json\/wp\/v2\/media?parent=23541"}],"wp:term":[{"taxonomy":"category","embeddable":true,"href":"https:\/\/elreporterohgo.com\/noticias\/wp-json\/wp\/v2\/categories?post=23541"},{"taxonomy":"post_tag","embeddable":true,"href":"https:\/\/elreporterohgo.com\/noticias\/wp-json\/wp\/v2\/tags?post=23541"}],"curies":[{"name":"wp","href":"https:\/\/api.w.org\/{rel}","templated":true}]}}