{"id":23510,"date":"2019-02-05T20:03:49","date_gmt":"2019-02-06T02:03:49","guid":{"rendered":"https:\/\/elreporterohgo.com\/noticias\/?p=23510"},"modified":"2019-02-05T20:03:49","modified_gmt":"2019-02-06T02:03:49","slug":"el-pueblo-disfruto-una-semana-de-actividades-culturales","status":"publish","type":"post","link":"https:\/\/elreporterohgo.com\/noticias\/2019\/02\/05\/el-pueblo-disfruto-una-semana-de-actividades-culturales\/","title":{"rendered":"El pueblo disfruto una semana de actividades culturales"},"content":{"rendered":"<p><a href=\"https::\/\/elreporterohgo.com\/noticias\/wp-content\/uploads\/2019\/02\/Imagen4-1.jpg\"><img fetchpriority=\"high\" decoding=\"async\" class=\"alignnone size-medium wp-image-23511\" src=\"https::\/\/elreporterohgo.com\/noticias\/wp-content\/uploads\/2019\/02\/Imagen4-1-300x200.jpg\" alt=\"\" width=\"300\" height=\"200\" srcset=\"https:\/\/elreporterohgo.com\/noticias\/wp-content\/uploads\/2019\/02\/Imagen4-1-300x200.jpg 300w, https:\/\/elreporterohgo.com\/noticias\/wp-content\/uploads\/2019\/02\/Imagen4-1-768x512.jpg 768w, https:\/\/elreporterohgo.com\/noticias\/wp-content\/uploads\/2019\/02\/Imagen4-1-1024x683.jpg 1024w, https:\/\/elreporterohgo.com\/noticias\/wp-content\/uploads\/2019\/02\/Imagen4-1.jpg 1500w\" sizes=\"(max-width: 300px) 100vw, 300px\" \/><\/a><a href=\"https::\/\/elreporterohgo.com\/noticias\/wp-content\/uploads\/2019\/02\/Imagen1.jpg\"><img decoding=\"async\" class=\"alignnone size-medium wp-image-23512\" src=\"https::\/\/elreporterohgo.com\/noticias\/wp-content\/uploads\/2019\/02\/Imagen1-300x200.jpg\" alt=\"\" width=\"300\" height=\"200\" srcset=\"https:\/\/elreporterohgo.com\/noticias\/wp-content\/uploads\/2019\/02\/Imagen1-300x200.jpg 300w, https:\/\/elreporterohgo.com\/noticias\/wp-content\/uploads\/2019\/02\/Imagen1-768x512.jpg 768w, https:\/\/elreporterohgo.com\/noticias\/wp-content\/uploads\/2019\/02\/Imagen1-1024x683.jpg 1024w, https:\/\/elreporterohgo.com\/noticias\/wp-content\/uploads\/2019\/02\/Imagen1.jpg 1500w\" sizes=\"(max-width: 300px) 100vw, 300px\" \/><\/a><a href=\"https::\/\/elreporterohgo.com\/noticias\/wp-content\/uploads\/2019\/02\/Imagen6.jpg\"><img decoding=\"async\" class=\"alignnone size-medium wp-image-23513\" src=\"https::\/\/elreporterohgo.com\/noticias\/wp-content\/uploads\/2019\/02\/Imagen6-300x200.jpg\" alt=\"\" width=\"300\" height=\"200\" srcset=\"https:\/\/elreporterohgo.com\/noticias\/wp-content\/uploads\/2019\/02\/Imagen6-300x200.jpg 300w, https:\/\/elreporterohgo.com\/noticias\/wp-content\/uploads\/2019\/02\/Imagen6-768x512.jpg 768w, https:\/\/elreporterohgo.com\/noticias\/wp-content\/uploads\/2019\/02\/Imagen6-1024x683.jpg 1024w, https:\/\/elreporterohgo.com\/noticias\/wp-content\/uploads\/2019\/02\/Imagen6.jpg 1500w\" sizes=\"(max-width: 300px) 100vw, 300px\" \/><\/a><a href=\"https::\/\/elreporterohgo.com\/noticias\/wp-content\/uploads\/2019\/02\/Imagen14.jpg\"><img loading=\"lazy\" decoding=\"async\" class=\"alignnone size-medium wp-image-23514\" src=\"https::\/\/elreporterohgo.com\/noticias\/wp-content\/uploads\/2019\/02\/Imagen14-300x200.jpg\" alt=\"\" width=\"300\" height=\"200\" srcset=\"https:\/\/elreporterohgo.com\/noticias\/wp-content\/uploads\/2019\/02\/Imagen14-300x200.jpg 300w, https:\/\/elreporterohgo.com\/noticias\/wp-content\/uploads\/2019\/02\/Imagen14-768x512.jpg 768w, https:\/\/elreporterohgo.com\/noticias\/wp-content\/uploads\/2019\/02\/Imagen14-1024x683.jpg 1024w, https:\/\/elreporterohgo.com\/noticias\/wp-content\/uploads\/2019\/02\/Imagen14.jpg 1500w\" sizes=\"(max-width: 300px) 100vw, 300px\" \/><\/a><\/p>\n<p>Fue un \u00e9xito el festival cultural y art\u00edstico 2019<\/p>\n<p>APAN, hGO.-\u00a0Durante 6 d\u00edas consecutivos, se llev\u00f3 a cabo el Festival Cultural y Art\u00edstico 2019, en donde los apanenses tuvieron la oportunidad de disfrutar de 29 actos y m\u00e1s de 300 artistas en escena nacionales e internacionales provenientes de pa\u00edses como Bolivia, Per\u00fa, Rusia, Espa\u00f1a y Argentina; exponiendo diferentes g\u00e9neros musicales y expresiones art\u00edsticas como m\u00fasica cl\u00e1sica, tango, huapango, rock instrumental, salsa, banda y m\u00e1s. Con una afluencia promedio de 300 personas diarias durante los diferentes d\u00edas y horarios en que acontecieron los distintos eventos.<\/p>\n<p>Al igual se realiz\u00f3 el Concurso Gastron\u00f3mico \u201cEl Sabor de los Llanos\u201d d\u00f3nde el Sommelier El\u00edas Fern\u00e1ndez Chequer, el Chef Fernando Rangel Garc\u00eda y la Diputada Local de Areli Rub\u00ed Miranda Ayala participaron como jurado calificador; en reparti\u00e9ndose m\u00e1s de 20 mil pesos entre los ganadores; siendo los acreedores: Primer lugar, Tania D\u00edaz Vergara con su platillo \u201ctortita de quiotes\u201d; Segundo lugar, la fonda del \u00c1ngel con \u201cPanacotta con salsa dulce de pulque y xoconostle\u201d; y tercer lugar Otom\u00edes con \u201cEmpencado Otom\u00ed\u201d.<\/p>\n<p>Adem\u00e1s, se inaugur\u00f3 la exposici\u00f3n fotogr\u00e1fica \u201cApan: Una joya de Hidalgo\u201d, a cargo del Lic. Mario Alberto Ortega Ruiz, en la cual 14 artistas de la regi\u00f3n exhiben sus obras resaltando la belleza natural, arquitect\u00f3nica y de la gente del municipio; misma que estar\u00e1 abierta al p\u00fablico en general hasta el 16 de febrero en la Casa de la Cultura.<\/p>\n<p>La Presidente Municipal Mar\u00eda Antonieta de los \u00c1ngeles Anaya Ortega afirm\u00f3 que: \u201ccon eventos de esta calidad y magnitud, pretendemos acercar a nuestra poblaci\u00f3n diferentes aspectos culturales y art\u00edsticos para as\u00ed desarrollar ese amor por nuestras ra\u00edces e identidad. Adem\u00e1s de que conocemos otras culturas que nos sorprenden por la belleza que puede existir en cualquier lado del mundo; agradecemos a la Secretar\u00eda de Cultura por voltear a ver a este municipio como un punto importante para el crecimiento de nuestra regi\u00f3n\u201d.<\/p>\n<p><a href=\"https::\/\/elreporterohgo.com\/noticias\/wp-content\/uploads\/2019\/02\/Imagen5.jpg\"><img loading=\"lazy\" decoding=\"async\" class=\"alignnone size-medium wp-image-23515\" src=\"https::\/\/elreporterohgo.com\/noticias\/wp-content\/uploads\/2019\/02\/Imagen5-300x200.jpg\" alt=\"\" width=\"300\" height=\"200\" srcset=\"https:\/\/elreporterohgo.com\/noticias\/wp-content\/uploads\/2019\/02\/Imagen5-300x200.jpg 300w, https:\/\/elreporterohgo.com\/noticias\/wp-content\/uploads\/2019\/02\/Imagen5-768x512.jpg 768w, https:\/\/elreporterohgo.com\/noticias\/wp-content\/uploads\/2019\/02\/Imagen5-1024x683.jpg 1024w, https:\/\/elreporterohgo.com\/noticias\/wp-content\/uploads\/2019\/02\/Imagen5.jpg 1500w\" sizes=\"(max-width: 300px) 100vw, 300px\" \/><\/a><a href=\"https::\/\/elreporterohgo.com\/noticias\/wp-content\/uploads\/2019\/02\/Imagen2-1.jpg\"><img loading=\"lazy\" decoding=\"async\" class=\"alignnone size-medium wp-image-23517\" src=\"https::\/\/elreporterohgo.com\/noticias\/wp-content\/uploads\/2019\/02\/Imagen2-1-300x200.jpg\" alt=\"\" width=\"300\" height=\"200\" srcset=\"https:\/\/elreporterohgo.com\/noticias\/wp-content\/uploads\/2019\/02\/Imagen2-1-300x200.jpg 300w, https:\/\/elreporterohgo.com\/noticias\/wp-content\/uploads\/2019\/02\/Imagen2-1-768x512.jpg 768w, https:\/\/elreporterohgo.com\/noticias\/wp-content\/uploads\/2019\/02\/Imagen2-1-1024x683.jpg 1024w, https:\/\/elreporterohgo.com\/noticias\/wp-content\/uploads\/2019\/02\/Imagen2-1.jpg 1500w\" sizes=\"(max-width: 300px) 100vw, 300px\" \/><\/a><a href=\"https::\/\/elreporterohgo.com\/noticias\/wp-content\/uploads\/2019\/02\/Imagen2.jpg\"><img loading=\"lazy\" decoding=\"async\" class=\"alignnone size-medium wp-image-23518\" src=\"https::\/\/elreporterohgo.com\/noticias\/wp-content\/uploads\/2019\/02\/Imagen2-300x200.jpg\" alt=\"\" width=\"300\" height=\"200\" srcset=\"https:\/\/elreporterohgo.com\/noticias\/wp-content\/uploads\/2019\/02\/Imagen2-300x200.jpg 300w, https:\/\/elreporterohgo.com\/noticias\/wp-content\/uploads\/2019\/02\/Imagen2-768x512.jpg 768w, https:\/\/elreporterohgo.com\/noticias\/wp-content\/uploads\/2019\/02\/Imagen2-1024x683.jpg 1024w, https:\/\/elreporterohgo.com\/noticias\/wp-content\/uploads\/2019\/02\/Imagen2.jpg 1500w\" sizes=\"(max-width: 300px) 100vw, 300px\" \/><\/a><a href=\"https::\/\/elreporterohgo.com\/noticias\/wp-content\/uploads\/2019\/02\/Imagen3.jpg\"><img loading=\"lazy\" decoding=\"async\" class=\"alignnone size-medium wp-image-23519\" src=\"https::\/\/elreporterohgo.com\/noticias\/wp-content\/uploads\/2019\/02\/Imagen3-300x200.jpg\" alt=\"\" width=\"300\" height=\"200\" srcset=\"https:\/\/elreporterohgo.com\/noticias\/wp-content\/uploads\/2019\/02\/Imagen3-300x200.jpg 300w, https:\/\/elreporterohgo.com\/noticias\/wp-content\/uploads\/2019\/02\/Imagen3-768x512.jpg 768w, https:\/\/elreporterohgo.com\/noticias\/wp-content\/uploads\/2019\/02\/Imagen3-1024x683.jpg 1024w, https:\/\/elreporterohgo.com\/noticias\/wp-content\/uploads\/2019\/02\/Imagen3.jpg 1500w\" sizes=\"(max-width: 300px) 100vw, 300px\" \/><\/a><\/p>\n","protected":false},"excerpt":{"rendered":"<p>Fue un \u00e9xito el festival cultural y art\u00edstico 2019 APAN, hGO.-\u00a0Durante 6 d\u00edas consecutivos, se llev\u00f3 a cabo el Festival Cultural y Art\u00edstico 2019, en donde los apanenses tuvieron la oportunidad de disfrutar de 29 actos y m\u00e1s de 300 artistas en escena nacionales e internacionales provenientes de pa\u00edses como Bolivia, Per\u00fa, Rusia, Espa\u00f1a y<\/p>\n","protected":false},"author":2,"featured_media":23519,"comment_status":"open","ping_status":"closed","sticky":false,"template":"","format":"standard","meta":{"footnotes":""},"categories":[10],"tags":[],"class_list":{"0":"post-23510","1":"post","2":"type-post","3":"status-publish","4":"format-standard","5":"has-post-thumbnail","7":"category-hidalgo"},"_links":{"self":[{"href":"https:\/\/elreporterohgo.com\/noticias\/wp-json\/wp\/v2\/posts\/23510","targetHints":{"allow":["GET"]}}],"collection":[{"href":"https:\/\/elreporterohgo.com\/noticias\/wp-json\/wp\/v2\/posts"}],"about":[{"href":"https:\/\/elreporterohgo.com\/noticias\/wp-json\/wp\/v2\/types\/post"}],"author":[{"embeddable":true,"href":"https:\/\/elreporterohgo.com\/noticias\/wp-json\/wp\/v2\/users\/2"}],"replies":[{"embeddable":true,"href":"https:\/\/elreporterohgo.com\/noticias\/wp-json\/wp\/v2\/comments?post=23510"}],"version-history":[{"count":2,"href":"https:\/\/elreporterohgo.com\/noticias\/wp-json\/wp\/v2\/posts\/23510\/revisions"}],"predecessor-version":[{"id":23521,"href":"https:\/\/elreporterohgo.com\/noticias\/wp-json\/wp\/v2\/posts\/23510\/revisions\/23521"}],"wp:featuredmedia":[{"embeddable":true,"href":"https:\/\/elreporterohgo.com\/noticias\/wp-json\/wp\/v2\/media\/23519"}],"wp:attachment":[{"href":"https:\/\/elreporterohgo.com\/noticias\/wp-json\/wp\/v2\/media?parent=23510"}],"wp:term":[{"taxonomy":"category","embeddable":true,"href":"https:\/\/elreporterohgo.com\/noticias\/wp-json\/wp\/v2\/categories?post=23510"},{"taxonomy":"post_tag","embeddable":true,"href":"https:\/\/elreporterohgo.com\/noticias\/wp-json\/wp\/v2\/tags?post=23510"}],"curies":[{"name":"wp","href":"https:\/\/api.w.org\/{rel}","templated":true}]}}