{"id":23489,"date":"2019-02-05T17:30:41","date_gmt":"2019-02-05T23:30:41","guid":{"rendered":"https:\/\/elreporterohgo.com\/noticias\/?p=23489"},"modified":"2019-02-05T17:30:41","modified_gmt":"2019-02-05T23:30:41","slug":"102-aniversario-de-la-constitucion-politica-de-los-estados-unidos-mexicanos","status":"publish","type":"post","link":"https:\/\/elreporterohgo.com\/noticias\/2019\/02\/05\/102-aniversario-de-la-constitucion-politica-de-los-estados-unidos-mexicanos\/","title":{"rendered":"102 Aniversario de la Constituci\u00f3n Pol\u00edtica de los Estados Unidos Mexicanos"},"content":{"rendered":"<p>&nbsp;<\/p>\n<p><a href=\"https::\/\/elreporterohgo.com\/noticias\/wp-content\/uploads\/2019\/02\/102-aniversario-constitucion-de-1917-2.jpeg\"><img fetchpriority=\"high\" decoding=\"async\" class=\"alignnone size-medium wp-image-23490\" src=\"https::\/\/elreporterohgo.com\/noticias\/wp-content\/uploads\/2019\/02\/102-aniversario-constitucion-de-1917-2-300x169.jpeg\" alt=\"\" width=\"300\" height=\"169\" srcset=\"https:\/\/elreporterohgo.com\/noticias\/wp-content\/uploads\/2019\/02\/102-aniversario-constitucion-de-1917-2-300x169.jpeg 300w, https:\/\/elreporterohgo.com\/noticias\/wp-content\/uploads\/2019\/02\/102-aniversario-constitucion-de-1917-2-768x432.jpeg 768w, https:\/\/elreporterohgo.com\/noticias\/wp-content\/uploads\/2019\/02\/102-aniversario-constitucion-de-1917-2-1024x576.jpeg 1024w, https:\/\/elreporterohgo.com\/noticias\/wp-content\/uploads\/2019\/02\/102-aniversario-constitucion-de-1917-2.jpeg 1280w\" sizes=\"(max-width: 300px) 100vw, 300px\" \/><\/a><\/p>\n<p>MINERAL DE LA REFORMA, Hgo. &#8211; En el marco del 102 Aniversario de la Promulgaci\u00f3n de la Constituci\u00f3n Pol\u00edtica de los Estados Unidos Mexicanos de 1917; el Gobierno Municipal de Mineral de la Reforma a trav\u00e9s de la Secretaria General Municipal celebra esta importante fecha, con un evento c\u00edvico con la participaci\u00f3n de\u00a0 funcionarios p\u00fablicos municipales y ciudadan\u00eda mineralreformenses.<\/p>\n<p>La Constituci\u00f3n de 1917 estableci\u00f3 una forma de gobierno que sigui\u00f3 siendo republicana, dem\u00f3crata, representativa y federal; refrend\u00f3 la divisi\u00f3n de los poderes Ejecutivo Legislativo y Judicial, se dividi\u00f3 por primera vez en c\u00e1maras de diputados y senadores; se cre\u00f3 el municipio libre; se reconoci\u00f3 la libertad de culto, expresi\u00f3n y asociaci\u00f3n; se estableci\u00f3 una educaci\u00f3n laica y gratuita y qued\u00f3 se\u00f1alado que la jornada m\u00e1xima de trabajo deb\u00eda ser de 8 horas.<\/p>\n<p>Encabezaron esta ceremonia; el secretario general municipal, Pedro Celestino P\u00e9rez Flores; la sindico\u00a0 hacendaria Neydy Ivone G\u00f3mez Ba\u00f1os as\u00ed como los regidores integrantes del Ayuntamiento de Mineral de la Reforma.<\/p>\n<p>Pedro Celestino P\u00e9rez Flores, Secretario General Municipal en representaci\u00f3n del alcalde Ra\u00fal Camacho Ba\u00f1os fue el encargo de compartir un mensaje a las y los trabajadores municipales.- \u201cHoy el gobierno que representamos estamos dando mayor confianza de participaci\u00f3n a los ciudadanos y ciudadanas en la toma de decisiones, as\u00ed como lo referente a la desigualdad social, estamos cambiando la historia de una diferente de gobernar, una manera diferente de realizar acciones en beneficio de todos; como acciones por tu escuela, acciones por tu colonia donde sea cercan los servicios en beneficio de la colonia, como el bacheo, limpieza general de calles, mantenimiento de alumbrado p\u00fablico entre otros\u201d.<\/p>\n<p>\u201cNuestro presidente Ra\u00fal Camacho se preocupa por el bienestar de cada uno de los habitantes de Mineral de la Reforma y nosotros como funcionarios debemos estar comprometidos con este proyecto\u201d. Aseguro el Secretario General de\u00a0 Mineral de la Reforma.<\/p>\n<p>En tanto la regidora Marisela G\u00f3mez Escamilla realiz\u00f3 una semblanza con motivo del 102 Aniversario de la Promulgaci\u00f3n de la Constituci\u00f3n Pol\u00edtica de los Estados Unidos Mexicanos, en la que finalmente destac\u00f3.- \u201cEn Mineral de la Reforma estamos trabajando con la \u00fanica idea de que nuestro municipio detone en su desarrollo basado en la democracia y en la libertad, para reconfigurar y enriquecer este trabajo necesariamente tenemos que incrementar nuestros niveles de acercamiento como gobierno; la Constituci\u00f3n de 1917 es historia, es presente y gu\u00eda para el futuro, estamos decididos a ser gobierno eficaz que trabaje para hacer de nuestra ley suprema una pr\u00e1ctica efectiva en la vida de los mineralreformenses\u201d.<\/p>\n","protected":false},"excerpt":{"rendered":"<p>&nbsp; MINERAL DE LA REFORMA, Hgo. &#8211; En el marco del 102 Aniversario de la Promulgaci\u00f3n de la Constituci\u00f3n Pol\u00edtica de los Estados Unidos Mexicanos de 1917; el Gobierno Municipal de Mineral de la Reforma a trav\u00e9s de la Secretaria General Municipal celebra esta importante fecha, con un evento c\u00edvico con la participaci\u00f3n de\u00a0 funcionarios<\/p>\n","protected":false},"author":2,"featured_media":23490,"comment_status":"open","ping_status":"closed","sticky":false,"template":"","format":"standard","meta":{"footnotes":""},"categories":[10],"tags":[],"class_list":{"0":"post-23489","1":"post","2":"type-post","3":"status-publish","4":"format-standard","5":"has-post-thumbnail","7":"category-hidalgo"},"_links":{"self":[{"href":"https:\/\/elreporterohgo.com\/noticias\/wp-json\/wp\/v2\/posts\/23489","targetHints":{"allow":["GET"]}}],"collection":[{"href":"https:\/\/elreporterohgo.com\/noticias\/wp-json\/wp\/v2\/posts"}],"about":[{"href":"https:\/\/elreporterohgo.com\/noticias\/wp-json\/wp\/v2\/types\/post"}],"author":[{"embeddable":true,"href":"https:\/\/elreporterohgo.com\/noticias\/wp-json\/wp\/v2\/users\/2"}],"replies":[{"embeddable":true,"href":"https:\/\/elreporterohgo.com\/noticias\/wp-json\/wp\/v2\/comments?post=23489"}],"version-history":[{"count":2,"href":"https:\/\/elreporterohgo.com\/noticias\/wp-json\/wp\/v2\/posts\/23489\/revisions"}],"predecessor-version":[{"id":23492,"href":"https:\/\/elreporterohgo.com\/noticias\/wp-json\/wp\/v2\/posts\/23489\/revisions\/23492"}],"wp:featuredmedia":[{"embeddable":true,"href":"https:\/\/elreporterohgo.com\/noticias\/wp-json\/wp\/v2\/media\/23490"}],"wp:attachment":[{"href":"https:\/\/elreporterohgo.com\/noticias\/wp-json\/wp\/v2\/media?parent=23489"}],"wp:term":[{"taxonomy":"category","embeddable":true,"href":"https:\/\/elreporterohgo.com\/noticias\/wp-json\/wp\/v2\/categories?post=23489"},{"taxonomy":"post_tag","embeddable":true,"href":"https:\/\/elreporterohgo.com\/noticias\/wp-json\/wp\/v2\/tags?post=23489"}],"curies":[{"name":"wp","href":"https:\/\/api.w.org\/{rel}","templated":true}]}}