{"id":23473,"date":"2019-02-04T03:25:30","date_gmt":"2019-02-04T09:25:30","guid":{"rendered":"https:\/\/elreporterohgo.com\/noticias\/?p=23473"},"modified":"2019-02-04T03:25:30","modified_gmt":"2019-02-04T09:25:30","slug":"brutal-choque-dos-muertos-y-siete-heridos","status":"publish","type":"post","link":"https:\/\/elreporterohgo.com\/noticias\/2019\/02\/04\/brutal-choque-dos-muertos-y-siete-heridos\/","title":{"rendered":"Brutal choque: Dos muertos y siete heridos"},"content":{"rendered":"<p><a href=\"https::\/\/elreporterohgo.com\/noticias\/wp-content\/uploads\/2019\/02\/IMG-20190203-WA0087-1.jpg\"><img fetchpriority=\"high\" decoding=\"async\" class=\"alignnone size-medium wp-image-23474\" src=\"https::\/\/elreporterohgo.com\/noticias\/wp-content\/uploads\/2019\/02\/IMG-20190203-WA0087-1-300x243.jpg\" alt=\"\" width=\"300\" height=\"243\" srcset=\"https:\/\/elreporterohgo.com\/noticias\/wp-content\/uploads\/2019\/02\/IMG-20190203-WA0087-1-300x243.jpg 300w, https:\/\/elreporterohgo.com\/noticias\/wp-content\/uploads\/2019\/02\/IMG-20190203-WA0087-1.jpg 528w\" sizes=\"(max-width: 300px) 100vw, 300px\" \/><\/a><a href=\"https::\/\/elreporterohgo.com\/noticias\/wp-content\/uploads\/2019\/02\/IMG-20190203-WA0086.jpg\"><img decoding=\"async\" class=\"alignnone size-medium wp-image-23475\" src=\"https::\/\/elreporterohgo.com\/noticias\/wp-content\/uploads\/2019\/02\/IMG-20190203-WA0086-300x225.jpg\" alt=\"\" width=\"300\" height=\"225\" srcset=\"https:\/\/elreporterohgo.com\/noticias\/wp-content\/uploads\/2019\/02\/IMG-20190203-WA0086-300x225.jpg 300w, https:\/\/elreporterohgo.com\/noticias\/wp-content\/uploads\/2019\/02\/IMG-20190203-WA0086-768x576.jpg 768w, https:\/\/elreporterohgo.com\/noticias\/wp-content\/uploads\/2019\/02\/IMG-20190203-WA0086-1024x768.jpg 1024w, https:\/\/elreporterohgo.com\/noticias\/wp-content\/uploads\/2019\/02\/IMG-20190203-WA0086.jpg 1280w\" sizes=\"(max-width: 300px) 100vw, 300px\" \/><\/a><a href=\"https::\/\/elreporterohgo.com\/noticias\/wp-content\/uploads\/2019\/02\/IMG-20190203-WA0087-copia.jpg\"><img decoding=\"async\" class=\"alignnone size-medium wp-image-23476\" src=\"https::\/\/elreporterohgo.com\/noticias\/wp-content\/uploads\/2019\/02\/IMG-20190203-WA0087-copia-300x195.jpg\" alt=\"\" width=\"300\" height=\"195\" srcset=\"https:\/\/elreporterohgo.com\/noticias\/wp-content\/uploads\/2019\/02\/IMG-20190203-WA0087-copia-300x195.jpg 300w, https:\/\/elreporterohgo.com\/noticias\/wp-content\/uploads\/2019\/02\/IMG-20190203-WA0087-copia-768x500.jpg 768w, https:\/\/elreporterohgo.com\/noticias\/wp-content\/uploads\/2019\/02\/IMG-20190203-WA0087-copia-1024x667.jpg 1024w, https:\/\/elreporterohgo.com\/noticias\/wp-content\/uploads\/2019\/02\/IMG-20190203-WA0087-copia.jpg 1145w\" sizes=\"(max-width: 300px) 100vw, 300px\" \/><\/a><\/p>\n<p>Te\u00f1ida de sangre la carretera estatal<\/p>\n<p>APAN, Hgo. &#8211; Dos muertos y por lo menos siete heridos fue el saldo que dejo sangriento accidente de tr\u00e1nsito, la noche de ayer, en la carretera estatal Apan-La uni\u00f3n, a la altura de la ex hacienda de Ocotepec.<\/p>\n<p>La secretaria de Seguridad P\u00fablica de Hidalgo dio a conocer que, aproximadamente a las<\/p>\n<p>21:44 horas de ayer, domingo, reportaron al n\u00famero de emergencia 911 un accidente en la carretera Apan-La Uni\u00f3n, cerca de la ex Hacienda Ocotepec.<\/p>\n<p>Oficiales de la Polic\u00eda Estatal se trasladaron al lugar indicado donde pudieron darse cuenta que se hab\u00edan impactado dos veh\u00edculos y hab\u00eda varias personas lesionadas.<\/p>\n<p>Al intervenir en el veh\u00edculo uno que era una camioneta Nissan, color gris, placas NEU8051, se dieron cuenta que viajaban ocho personas, una muri\u00f3 y el resto quedaron heridas.<\/p>\n<p>El segundo veh\u00edculo fue un Volkswagen Jetta, color dorado, placas HJU300A, resultando una persona fallecida.<\/p>\n<p>Al lugar acude personal de la Procuradur\u00eda General de Justicia de Hidalgo para llevar a cabo las diligencias correspondientes.<\/p>\n","protected":false},"excerpt":{"rendered":"<p>Te\u00f1ida de sangre la carretera estatal APAN, Hgo. &#8211; Dos muertos y por lo menos siete heridos fue el saldo que dejo sangriento accidente de tr\u00e1nsito, la noche de ayer, en la carretera estatal Apan-La uni\u00f3n, a la altura de la ex hacienda de Ocotepec. La secretaria de Seguridad P\u00fablica de Hidalgo dio a conocer<\/p>\n","protected":false},"author":2,"featured_media":23474,"comment_status":"open","ping_status":"closed","sticky":false,"template":"","format":"standard","meta":{"footnotes":""},"categories":[10],"tags":[],"class_list":{"0":"post-23473","1":"post","2":"type-post","3":"status-publish","4":"format-standard","5":"has-post-thumbnail","7":"category-hidalgo"},"_links":{"self":[{"href":"https:\/\/elreporterohgo.com\/noticias\/wp-json\/wp\/v2\/posts\/23473","targetHints":{"allow":["GET"]}}],"collection":[{"href":"https:\/\/elreporterohgo.com\/noticias\/wp-json\/wp\/v2\/posts"}],"about":[{"href":"https:\/\/elreporterohgo.com\/noticias\/wp-json\/wp\/v2\/types\/post"}],"author":[{"embeddable":true,"href":"https:\/\/elreporterohgo.com\/noticias\/wp-json\/wp\/v2\/users\/2"}],"replies":[{"embeddable":true,"href":"https:\/\/elreporterohgo.com\/noticias\/wp-json\/wp\/v2\/comments?post=23473"}],"version-history":[{"count":2,"href":"https:\/\/elreporterohgo.com\/noticias\/wp-json\/wp\/v2\/posts\/23473\/revisions"}],"predecessor-version":[{"id":23478,"href":"https:\/\/elreporterohgo.com\/noticias\/wp-json\/wp\/v2\/posts\/23473\/revisions\/23478"}],"wp:featuredmedia":[{"embeddable":true,"href":"https:\/\/elreporterohgo.com\/noticias\/wp-json\/wp\/v2\/media\/23474"}],"wp:attachment":[{"href":"https:\/\/elreporterohgo.com\/noticias\/wp-json\/wp\/v2\/media?parent=23473"}],"wp:term":[{"taxonomy":"category","embeddable":true,"href":"https:\/\/elreporterohgo.com\/noticias\/wp-json\/wp\/v2\/categories?post=23473"},{"taxonomy":"post_tag","embeddable":true,"href":"https:\/\/elreporterohgo.com\/noticias\/wp-json\/wp\/v2\/tags?post=23473"}],"curies":[{"name":"wp","href":"https:\/\/api.w.org\/{rel}","templated":true}]}}