{"id":23466,"date":"2019-02-03T19:09:36","date_gmt":"2019-02-04T01:09:36","guid":{"rendered":"https:\/\/elreporterohgo.com\/noticias\/?p=23466"},"modified":"2019-02-03T19:14:26","modified_gmt":"2019-02-04T01:14:26","slug":"parece-que-murio-en-laguna-hidroelectrica","status":"publish","type":"post","link":"https:\/\/elreporterohgo.com\/noticias\/2019\/02\/03\/parece-que-murio-en-laguna-hidroelectrica\/","title":{"rendered":"Parece que muri\u00f3 en la presa hidroel\u00e9ctrica"},"content":{"rendered":"<p><a href=\"https::\/\/elreporterohgo.com\/noticias\/wp-content\/uploads\/2019\/02\/PHOTO-2019-02-03-18-57-33-1.jpg\"><img fetchpriority=\"high\" decoding=\"async\" class=\"alignnone size-medium wp-image-23467\" src=\"https::\/\/elreporterohgo.com\/noticias\/wp-content\/uploads\/2019\/02\/PHOTO-2019-02-03-18-57-33-1-300x225.jpg\" alt=\"\" width=\"300\" height=\"225\" srcset=\"https:\/\/elreporterohgo.com\/noticias\/wp-content\/uploads\/2019\/02\/PHOTO-2019-02-03-18-57-33-1-300x225.jpg 300w, https:\/\/elreporterohgo.com\/noticias\/wp-content\/uploads\/2019\/02\/PHOTO-2019-02-03-18-57-33-1-768x576.jpg 768w, https:\/\/elreporterohgo.com\/noticias\/wp-content\/uploads\/2019\/02\/PHOTO-2019-02-03-18-57-33-1-1024x768.jpg 1024w, https:\/\/elreporterohgo.com\/noticias\/wp-content\/uploads\/2019\/02\/PHOTO-2019-02-03-18-57-33-1.jpg 1280w\" sizes=\"(max-width: 300px) 100vw, 300px\" \/><\/a><a href=\"https::\/\/elreporterohgo.com\/noticias\/wp-content\/uploads\/2019\/02\/PHOTO-2019-02-03-18-57-34.jpg\"><img decoding=\"async\" class=\"alignnone size-medium wp-image-23468\" src=\"https::\/\/elreporterohgo.com\/noticias\/wp-content\/uploads\/2019\/02\/PHOTO-2019-02-03-18-57-34-300x225.jpg\" alt=\"\" width=\"300\" height=\"225\" srcset=\"https:\/\/elreporterohgo.com\/noticias\/wp-content\/uploads\/2019\/02\/PHOTO-2019-02-03-18-57-34-300x225.jpg 300w, https:\/\/elreporterohgo.com\/noticias\/wp-content\/uploads\/2019\/02\/PHOTO-2019-02-03-18-57-34-768x576.jpg 768w, https:\/\/elreporterohgo.com\/noticias\/wp-content\/uploads\/2019\/02\/PHOTO-2019-02-03-18-57-34-1024x768.jpg 1024w, https:\/\/elreporterohgo.com\/noticias\/wp-content\/uploads\/2019\/02\/PHOTO-2019-02-03-18-57-34.jpg 1280w\" sizes=\"(max-width: 300px) 100vw, 300px\" \/><\/a><br \/>\n*Bomberos de la SSPH colaboran en b\u00fasqueda de persona no localizada<br \/>\nZIMAP\u00c1N, HGO. &#8211; Derivado de una llamada al n\u00famero de Emergencias 911 sobre la solicitud de auxilio para la b\u00fasqueda de una persona, personal del H. Cuerpo de Bomberos de la Secretar\u00eda de Seguridad P\u00fablica de Hidalgo (SSPH) colabora en dichas acciones.<\/p>\n<p>La corporaci\u00f3n de rescate estatal acudi\u00f3 con equipo de buceo y elementos operativos a la presa hidroel\u00e9ctrica Fernando Hiriart, en el municipio de Zimap\u00e1n.<\/p>\n<p>Previamente un ciudadano report\u00f3 durante el s\u00e1bado pasado que su familiar J.S.R.T., de 32 a\u00f1os, tom\u00f3 sin permiso una moto acu\u00e1tica, la cual fue localizada abandonada sobre la presa, a la altura de la \u00abcortina\u00bb, por lo que dieron parte a las autoridades.<\/p>\n<p>Las labores de b\u00fasqueda, en la que participan corporaciones de auxilio, entre \u00e9stas el H. Cuerpo de Bomberos de Hidalgo, contin\u00faan hasta la tarde de este domingo.<\/p>\n<p><a href=\"https::\/\/elreporterohgo.com\/noticias\/wp-content\/uploads\/2019\/02\/PHOTO-2019-02-03-18-57-33.jpg\"><img decoding=\"async\" class=\"alignnone size-medium wp-image-23469\" src=\"https::\/\/elreporterohgo.com\/noticias\/wp-content\/uploads\/2019\/02\/PHOTO-2019-02-03-18-57-33-300x225.jpg\" alt=\"\" width=\"300\" height=\"225\" srcset=\"https:\/\/elreporterohgo.com\/noticias\/wp-content\/uploads\/2019\/02\/PHOTO-2019-02-03-18-57-33-300x225.jpg 300w, https:\/\/elreporterohgo.com\/noticias\/wp-content\/uploads\/2019\/02\/PHOTO-2019-02-03-18-57-33-768x576.jpg 768w, https:\/\/elreporterohgo.com\/noticias\/wp-content\/uploads\/2019\/02\/PHOTO-2019-02-03-18-57-33-1024x768.jpg 1024w, https:\/\/elreporterohgo.com\/noticias\/wp-content\/uploads\/2019\/02\/PHOTO-2019-02-03-18-57-33.jpg 1280w\" sizes=\"(max-width: 300px) 100vw, 300px\" \/><\/a><\/p>\n","protected":false},"excerpt":{"rendered":"<p>*Bomberos de la SSPH colaboran en b\u00fasqueda de persona no localizada ZIMAP\u00c1N, HGO. &#8211; Derivado de una llamada al n\u00famero de Emergencias 911 sobre la solicitud de auxilio para la b\u00fasqueda de una persona, personal del H. Cuerpo de Bomberos de la Secretar\u00eda de Seguridad P\u00fablica de Hidalgo (SSPH) colabora en dichas acciones. La corporaci\u00f3n<\/p>\n","protected":false},"author":2,"featured_media":23469,"comment_status":"open","ping_status":"closed","sticky":false,"template":"","format":"standard","meta":{"footnotes":""},"categories":[10],"tags":[],"class_list":{"0":"post-23466","1":"post","2":"type-post","3":"status-publish","4":"format-standard","5":"has-post-thumbnail","7":"category-hidalgo"},"_links":{"self":[{"href":"https:\/\/elreporterohgo.com\/noticias\/wp-json\/wp\/v2\/posts\/23466","targetHints":{"allow":["GET"]}}],"collection":[{"href":"https:\/\/elreporterohgo.com\/noticias\/wp-json\/wp\/v2\/posts"}],"about":[{"href":"https:\/\/elreporterohgo.com\/noticias\/wp-json\/wp\/v2\/types\/post"}],"author":[{"embeddable":true,"href":"https:\/\/elreporterohgo.com\/noticias\/wp-json\/wp\/v2\/users\/2"}],"replies":[{"embeddable":true,"href":"https:\/\/elreporterohgo.com\/noticias\/wp-json\/wp\/v2\/comments?post=23466"}],"version-history":[{"count":3,"href":"https:\/\/elreporterohgo.com\/noticias\/wp-json\/wp\/v2\/posts\/23466\/revisions"}],"predecessor-version":[{"id":23472,"href":"https:\/\/elreporterohgo.com\/noticias\/wp-json\/wp\/v2\/posts\/23466\/revisions\/23472"}],"wp:featuredmedia":[{"embeddable":true,"href":"https:\/\/elreporterohgo.com\/noticias\/wp-json\/wp\/v2\/media\/23469"}],"wp:attachment":[{"href":"https:\/\/elreporterohgo.com\/noticias\/wp-json\/wp\/v2\/media?parent=23466"}],"wp:term":[{"taxonomy":"category","embeddable":true,"href":"https:\/\/elreporterohgo.com\/noticias\/wp-json\/wp\/v2\/categories?post=23466"},{"taxonomy":"post_tag","embeddable":true,"href":"https:\/\/elreporterohgo.com\/noticias\/wp-json\/wp\/v2\/tags?post=23466"}],"curies":[{"name":"wp","href":"https:\/\/api.w.org\/{rel}","templated":true}]}}