{"id":23457,"date":"2019-02-03T18:25:48","date_gmt":"2019-02-04T00:25:48","guid":{"rendered":"https:\/\/elreporterohgo.com\/noticias\/?p=23457"},"modified":"2019-02-03T18:25:48","modified_gmt":"2019-02-04T00:25:48","slug":"apan-una-joya-en-hidalgo","status":"publish","type":"post","link":"https:\/\/elreporterohgo.com\/noticias\/2019\/02\/03\/apan-una-joya-en-hidalgo\/","title":{"rendered":"\u201cApan: Una Joya en Hidalgo\u201d"},"content":{"rendered":"<p>&nbsp;<\/p>\n<p><a href=\"https::\/\/elreporterohgo.com\/noticias\/wp-content\/uploads\/2019\/02\/00P.jpg\"><img fetchpriority=\"high\" decoding=\"async\" class=\"alignnone size-medium wp-image-23458\" src=\"https::\/\/elreporterohgo.com\/noticias\/wp-content\/uploads\/2019\/02\/00P-300x249.jpg\" alt=\"\" width=\"300\" height=\"249\" srcset=\"https:\/\/elreporterohgo.com\/noticias\/wp-content\/uploads\/2019\/02\/00P-300x249.jpg 300w, https:\/\/elreporterohgo.com\/noticias\/wp-content\/uploads\/2019\/02\/00P.jpg 660w\" sizes=\"(max-width: 300px) 100vw, 300px\" \/><\/a><\/p>\n<p>APAN, hGO. &#8211; Con el fin de difundir el arte y la cultura entre la poblaci\u00f3n del Altiplano Hidalguense, se lleva a cabo el Festival Cultural y Art\u00edstico 2019 del 29 de enero al 3 de febrero; el cual fue inaugurado por la Presidente Municipal de Apan, Mar\u00eda Antonieta de los \u00c1ngeles Anaya Ortega, acompa\u00f1ada de los integrantes del H. Ayuntamiento, el Secretario General Municipal Luis Antonio Torres Osorno y autoridades educativas.<\/p>\n<p>Durante su discurso inaugural, \u00c1ngeles Anaya declar\u00f3: \u201cLa realizaci\u00f3n de este festival es el resultado de la gesti\u00f3n y el trabajo colaborativo emprendido con los gobiernos Federal y Estatal, los cuales han atendido las inquietudes del gobierno municipal de Apan, que busca a trav\u00e9s del arte constituir una sociedad m\u00e1s solidaria, pac\u00edfica y participativa, en la que los valores familiares juegan un papel muy importante\u201d.<\/p>\n<p>Durante este festival se presentar\u00e1n artistas de talla nacional e internacional, ya que nos visitar\u00e1n grupos de varios estados de M\u00e9xico y de pa\u00edses como Bolivia, Argentina, Per\u00fa y Rusia, quienes compartir\u00e1n con el p\u00fablico expresiones art\u00edsticas como danza y m\u00fasica de distintos g\u00e9neros.<\/p>\n<p>En el marco del festival efectuar\u00e1 el concurso gastron\u00f3mico \u201cEl Sabor de los Llanos\u201d, el pr\u00f3ximo domingo 3 de febrero a las 10 de la ma\u00f1ana, cuyo objetivo es rescatar los sabores aut\u00f3ctonos de la comida regional apanense donde predominan el maguey y el pulque como ingredientes principales. Y para finalizar, se realizar\u00e1 una exposici\u00f3n fotogr\u00e1fica \u201cApan: Una Joya en Hidalgo\u201d, d\u00f3nde artistas de la regi\u00f3n exhibir\u00e1n\u00a0 sus obras resaltando la belleza del municipio y de su gente.<\/p>\n","protected":false},"excerpt":{"rendered":"<p>&nbsp; APAN, hGO. &#8211; Con el fin de difundir el arte y la cultura entre la poblaci\u00f3n del Altiplano Hidalguense, se lleva a cabo el Festival Cultural y Art\u00edstico 2019 del 29 de enero al 3 de febrero; el cual fue inaugurado por la Presidente Municipal de Apan, Mar\u00eda Antonieta de los \u00c1ngeles Anaya Ortega,<\/p>\n","protected":false},"author":2,"featured_media":23458,"comment_status":"open","ping_status":"closed","sticky":false,"template":"","format":"standard","meta":{"footnotes":""},"categories":[10],"tags":[],"class_list":{"0":"post-23457","1":"post","2":"type-post","3":"status-publish","4":"format-standard","5":"has-post-thumbnail","7":"category-hidalgo"},"_links":{"self":[{"href":"https:\/\/elreporterohgo.com\/noticias\/wp-json\/wp\/v2\/posts\/23457","targetHints":{"allow":["GET"]}}],"collection":[{"href":"https:\/\/elreporterohgo.com\/noticias\/wp-json\/wp\/v2\/posts"}],"about":[{"href":"https:\/\/elreporterohgo.com\/noticias\/wp-json\/wp\/v2\/types\/post"}],"author":[{"embeddable":true,"href":"https:\/\/elreporterohgo.com\/noticias\/wp-json\/wp\/v2\/users\/2"}],"replies":[{"embeddable":true,"href":"https:\/\/elreporterohgo.com\/noticias\/wp-json\/wp\/v2\/comments?post=23457"}],"version-history":[{"count":2,"href":"https:\/\/elreporterohgo.com\/noticias\/wp-json\/wp\/v2\/posts\/23457\/revisions"}],"predecessor-version":[{"id":23460,"href":"https:\/\/elreporterohgo.com\/noticias\/wp-json\/wp\/v2\/posts\/23457\/revisions\/23460"}],"wp:featuredmedia":[{"embeddable":true,"href":"https:\/\/elreporterohgo.com\/noticias\/wp-json\/wp\/v2\/media\/23458"}],"wp:attachment":[{"href":"https:\/\/elreporterohgo.com\/noticias\/wp-json\/wp\/v2\/media?parent=23457"}],"wp:term":[{"taxonomy":"category","embeddable":true,"href":"https:\/\/elreporterohgo.com\/noticias\/wp-json\/wp\/v2\/categories?post=23457"},{"taxonomy":"post_tag","embeddable":true,"href":"https:\/\/elreporterohgo.com\/noticias\/wp-json\/wp\/v2\/tags?post=23457"}],"curies":[{"name":"wp","href":"https:\/\/api.w.org\/{rel}","templated":true}]}}