{"id":23432,"date":"2019-02-03T13:21:36","date_gmt":"2019-02-03T19:21:36","guid":{"rendered":"https:\/\/elreporterohgo.com\/noticias\/?p=23432"},"modified":"2019-02-03T13:21:51","modified_gmt":"2019-02-03T19:21:51","slug":"balearon-la-agencia-del-mp","status":"publish","type":"post","link":"https:\/\/elreporterohgo.com\/noticias\/2019\/02\/03\/balearon-la-agencia-del-mp\/","title":{"rendered":"Balearon la agencia del MP"},"content":{"rendered":"<p><a href=\"https::\/\/elreporterohgo.com\/noticias\/wp-content\/uploads\/2019\/01\/0a2.jpg\"><img decoding=\"async\" class=\"alignnone size-medium wp-image-23142\" src=\"https::\/\/elreporterohgo.com\/noticias\/wp-content\/uploads\/2019\/01\/0a2-300x154.jpg\" alt=\"\" width=\"300\" height=\"154\" srcset=\"https:\/\/elreporterohgo.com\/noticias\/wp-content\/uploads\/2019\/01\/0a2-300x154.jpg 300w, https:\/\/elreporterohgo.com\/noticias\/wp-content\/uploads\/2019\/01\/0a2-768x394.jpg 768w, https:\/\/elreporterohgo.com\/noticias\/wp-content\/uploads\/2019\/01\/0a2-1024x525.jpg 1024w, https:\/\/elreporterohgo.com\/noticias\/wp-content\/uploads\/2019\/01\/0a2.jpg 1567w\" sizes=\"(max-width: 300px) 100vw, 300px\" \/><\/a><\/p>\n<p>\u00bfCumplen amenazas?<\/p>\n<p>IXMIQUILPAN,\u00a0 Hgo. &#8211; La Procuradur\u00eda General de Justicia del estado de Hidalgo, inici\u00f3 una carpeta de investigaci\u00f3n derivado de los hechos ocurridos la tarde de este s\u00e1bado 2 de febrero del 2019, en los que result\u00f3\u00a0 da\u00f1ada con proyectiles de arma de fuego la fachada de la agencia del Ministerio P\u00fablico de Ixmiquilpan.<\/p>\n<p>Hasta el momento personal de esta instituci\u00f3n permanece en el sitio procesando el lugar de los hechos para determinar lo que ocurri\u00f3 alrededor de las 18:00 hrs.<\/p>\n<p>En la zona se implementa operativo derivado de los hechos ocurridos en el inmueble ubicado en la calle Quer\u00e9taro, del barrio La Reforma, y se confirma que hasta el momento no hay personas lesionadas.<\/p>\n<p>Desde que se tuvo conocimiento de los hechos, se instal\u00f3 el grupo de Coordinaci\u00f3n Interinstitucional en el que gobierno federal y estatal siguen coordinando esfuerzos y mantendr\u00e1n vigilancia permanente en la zona.<\/p>\n<p>En caso de tener m\u00e1s datos sobre este hecho, solicitamos se comunique al n\u00famero de emergencias 911 o a la l\u00ednea PROCURATEL 018009121314.<\/p>\n","protected":false},"excerpt":{"rendered":"<p>\u00bfCumplen amenazas? IXMIQUILPAN,\u00a0 Hgo. &#8211; La Procuradur\u00eda General de Justicia del estado de Hidalgo, inici\u00f3 una carpeta de investigaci\u00f3n derivado de los hechos ocurridos la tarde de este s\u00e1bado 2 de febrero del 2019, en los que result\u00f3\u00a0 da\u00f1ada con proyectiles de arma de fuego la fachada de la agencia del Ministerio P\u00fablico de Ixmiquilpan.<\/p>\n","protected":false},"author":2,"featured_media":23142,"comment_status":"open","ping_status":"closed","sticky":false,"template":"","format":"standard","meta":{"footnotes":""},"categories":[10],"tags":[],"class_list":{"0":"post-23432","1":"post","2":"type-post","3":"status-publish","4":"format-standard","5":"has-post-thumbnail","7":"category-hidalgo"},"_links":{"self":[{"href":"https:\/\/elreporterohgo.com\/noticias\/wp-json\/wp\/v2\/posts\/23432","targetHints":{"allow":["GET"]}}],"collection":[{"href":"https:\/\/elreporterohgo.com\/noticias\/wp-json\/wp\/v2\/posts"}],"about":[{"href":"https:\/\/elreporterohgo.com\/noticias\/wp-json\/wp\/v2\/types\/post"}],"author":[{"embeddable":true,"href":"https:\/\/elreporterohgo.com\/noticias\/wp-json\/wp\/v2\/users\/2"}],"replies":[{"embeddable":true,"href":"https:\/\/elreporterohgo.com\/noticias\/wp-json\/wp\/v2\/comments?post=23432"}],"version-history":[{"count":2,"href":"https:\/\/elreporterohgo.com\/noticias\/wp-json\/wp\/v2\/posts\/23432\/revisions"}],"predecessor-version":[{"id":23434,"href":"https:\/\/elreporterohgo.com\/noticias\/wp-json\/wp\/v2\/posts\/23432\/revisions\/23434"}],"wp:featuredmedia":[{"embeddable":true,"href":"https:\/\/elreporterohgo.com\/noticias\/wp-json\/wp\/v2\/media\/23142"}],"wp:attachment":[{"href":"https:\/\/elreporterohgo.com\/noticias\/wp-json\/wp\/v2\/media?parent=23432"}],"wp:term":[{"taxonomy":"category","embeddable":true,"href":"https:\/\/elreporterohgo.com\/noticias\/wp-json\/wp\/v2\/categories?post=23432"},{"taxonomy":"post_tag","embeddable":true,"href":"https:\/\/elreporterohgo.com\/noticias\/wp-json\/wp\/v2\/tags?post=23432"}],"curies":[{"name":"wp","href":"https:\/\/api.w.org\/{rel}","templated":true}]}}