{"id":23412,"date":"2019-01-31T11:22:03","date_gmt":"2019-01-31T17:22:03","guid":{"rendered":"https:\/\/elreporterohgo.com\/noticias\/?p=23412"},"modified":"2019-01-31T11:22:03","modified_gmt":"2019-01-31T17:22:03","slug":"auditor-superior-de-la-federacion-reconocio-el-trabajo-del-gobernador-omar-fayad","status":"publish","type":"post","link":"https:\/\/elreporterohgo.com\/noticias\/2019\/01\/31\/auditor-superior-de-la-federacion-reconocio-el-trabajo-del-gobernador-omar-fayad\/","title":{"rendered":"Auditor Superior de la Federaci\u00f3n reconoci\u00f3 el trabajo del gobernador Omar Fayad"},"content":{"rendered":"<p>&nbsp;<\/p>\n<p><a href=\"https::\/\/elreporterohgo.com\/noticias\/wp-content\/uploads\/2019\/01\/unnamed-41.jpg\"><img decoding=\"async\" class=\"alignnone size-medium wp-image-23413\" src=\"https::\/\/elreporterohgo.com\/noticias\/wp-content\/uploads\/2019\/01\/unnamed-41-300x160.jpg\" alt=\"\" width=\"300\" height=\"160\" srcset=\"https:\/\/elreporterohgo.com\/noticias\/wp-content\/uploads\/2019\/01\/unnamed-41-300x160.jpg 300w, https:\/\/elreporterohgo.com\/noticias\/wp-content\/uploads\/2019\/01\/unnamed-41-768x410.jpg 768w, https:\/\/elreporterohgo.com\/noticias\/wp-content\/uploads\/2019\/01\/unnamed-41-1024x547.jpg 1024w\" sizes=\"(max-width: 300px) 100vw, 300px\" \/><\/a><a href=\"https::\/\/elreporterohgo.com\/noticias\/wp-content\/uploads\/2019\/01\/unnamed-40.jpg\"><img fetchpriority=\"high\" decoding=\"async\" class=\"alignnone size-medium wp-image-23414\" src=\"https::\/\/elreporterohgo.com\/noticias\/wp-content\/uploads\/2019\/01\/unnamed-40-300x214.jpg\" alt=\"\" width=\"300\" height=\"214\" srcset=\"https:\/\/elreporterohgo.com\/noticias\/wp-content\/uploads\/2019\/01\/unnamed-40-300x214.jpg 300w, https:\/\/elreporterohgo.com\/noticias\/wp-content\/uploads\/2019\/01\/unnamed-40-768x547.jpg 768w, https:\/\/elreporterohgo.com\/noticias\/wp-content\/uploads\/2019\/01\/unnamed-40-1024x730.jpg 1024w\" sizes=\"(max-width: 300px) 100vw, 300px\" \/><\/a><\/p>\n<p>Pachuca, Hgo. &#8211; Para los ciudadanos es fundamental la transparencia, rendici\u00f3n de cuentas, el orden y la austeridad; por eso Hidalgo est\u00e1 transitando por el buen camino, gracias a la efectiva coordinaci\u00f3n entre los tres \u00f3rdenes de gobierno, que fortalecen a\u00fan m\u00e1s el quehacer p\u00fablico, as\u00ed lo confirm\u00f3 el gobernador Omar Fayad durante la inauguraci\u00f3n del ciclo de conferencias magistrales del Gasto P\u00fablico, en la capital hidalguense.<\/p>\n<p>Ante la presencia de David Rogelio Colmenares P\u00e1ramo, titular de la Auditor\u00eda Superior de la Federaci\u00f3n (ASF), el mandatario hidalguense insisti\u00f3 en que con acciones como estas, destinadas a los servidores p\u00fablicos encargados de las finanzas, se abona a la construcci\u00f3n de un gobierno m\u00e1s compacto y eficiente.<\/p>\n<p>\u00abTrabajamos coordinados con municipios y federaci\u00f3n; respetando a los dem\u00e1s poderes, porque as\u00ed a todos, principalmente a quien m\u00e1s lo necesitan, les ir\u00e1 bien y aportaremos a elevar su calidad de vida\u00bb.<\/p>\n<p>Afirm\u00f3 que es el primer gobernador en la historia del estado, que trabaja con una mayor\u00eda de representantes que no son emanados de su partido, por lo que sigue siendo obligaci\u00f3n de su gobierno sujetarse a lineamientos claros, ya que los recursos son de y para los hidalguenses.<\/p>\n<p>Desde el inicio de esta administraci\u00f3n se implement\u00f3 una reingenier\u00eda gubernamental para trabajar con mayor austeridad, suprimir oficinas que duplicaban funciones y desaparecer la n\u00f3mina especial, que dio como resultado que instituciones como Standard &amp; Poor&#8217;s elevaran la calificaci\u00f3n de Hidalgo y se atrajeran inversiones que hoy superan los 46 mil MDP.<\/p>\n<p>De igual forma, ante representantes de entidades estatales, paraestatales y organismos aut\u00f3nomos, Colmenares P\u00e1ramo, resalt\u00f3 que el gobernador ha sido reconocido en diferentes \u00e1mbitos, gracias a su trabajo responsable; por lo que estas conferencias permitir\u00e1n optimizar los procesos de transparencia en el gasto p\u00fablico de sus regiones, as\u00ed como para garantizar una mejor recaudaci\u00f3n y administraci\u00f3n de los recursos.<\/p>\n<p>Al respecto, Armando Rold\u00e1n Pimentel, Auditor Superior del estado de Hidalgo, coincidi\u00f3 en la importancia de llevar a cabo estos encuentros y asegur\u00f3 que se tomar\u00e1n las medidas correspondientes para seguir capacitando a los servidores p\u00fablicos en la construcci\u00f3n de un gobierno \u00a0m\u00e1s honesto, cercano, moderno y con una pol\u00edtica\u00a0 de \u2018cero tolerancia\u2019\u00a0 a la corrupci\u00f3n.<\/p>\n<p>Cabe resaltar que en d\u00edas recientes, se dio a conocer que Hidalgo ocupa el segundo lugar en el pa\u00eds, junto con Colima y Sonora, con el mejor Sistema Anticorrupci\u00f3n articulado a nivel interinstitucional, de acuerdo con el Sem\u00e1foro Anticorrupci\u00f3n (SA) 2018; par\u00e1metro de evaluaci\u00f3n de la reforma constitucional y de la ley del Sistema Local Anticorrupci\u00f3n (SLA), que mide a las 32 entidades.<\/p>\n<p><a href=\"https::\/\/elreporterohgo.com\/noticias\/wp-content\/uploads\/2019\/01\/unnamed-38.jpg\"><img decoding=\"async\" class=\"alignnone size-medium wp-image-23415\" src=\"https::\/\/elreporterohgo.com\/noticias\/wp-content\/uploads\/2019\/01\/unnamed-38-300x128.jpg\" alt=\"\" width=\"300\" height=\"128\" srcset=\"https:\/\/elreporterohgo.com\/noticias\/wp-content\/uploads\/2019\/01\/unnamed-38-300x128.jpg 300w, https:\/\/elreporterohgo.com\/noticias\/wp-content\/uploads\/2019\/01\/unnamed-38-768x328.jpg 768w, https:\/\/elreporterohgo.com\/noticias\/wp-content\/uploads\/2019\/01\/unnamed-38-1024x437.jpg 1024w, https:\/\/elreporterohgo.com\/noticias\/wp-content\/uploads\/2019\/01\/unnamed-38.jpg 1809w\" sizes=\"(max-width: 300px) 100vw, 300px\" \/><\/a><\/p>\n","protected":false},"excerpt":{"rendered":"<p>&nbsp; Pachuca, Hgo. &#8211; Para los ciudadanos es fundamental la transparencia, rendici\u00f3n de cuentas, el orden y la austeridad; por eso Hidalgo est\u00e1 transitando por el buen camino, gracias a la efectiva coordinaci\u00f3n entre los tres \u00f3rdenes de gobierno, que fortalecen a\u00fan m\u00e1s el quehacer p\u00fablico, as\u00ed lo confirm\u00f3 el gobernador Omar Fayad durante la<\/p>\n","protected":false},"author":2,"featured_media":23415,"comment_status":"open","ping_status":"closed","sticky":false,"template":"","format":"standard","meta":{"footnotes":""},"categories":[10],"tags":[],"class_list":{"0":"post-23412","1":"post","2":"type-post","3":"status-publish","4":"format-standard","5":"has-post-thumbnail","7":"category-hidalgo"},"_links":{"self":[{"href":"https:\/\/elreporterohgo.com\/noticias\/wp-json\/wp\/v2\/posts\/23412","targetHints":{"allow":["GET"]}}],"collection":[{"href":"https:\/\/elreporterohgo.com\/noticias\/wp-json\/wp\/v2\/posts"}],"about":[{"href":"https:\/\/elreporterohgo.com\/noticias\/wp-json\/wp\/v2\/types\/post"}],"author":[{"embeddable":true,"href":"https:\/\/elreporterohgo.com\/noticias\/wp-json\/wp\/v2\/users\/2"}],"replies":[{"embeddable":true,"href":"https:\/\/elreporterohgo.com\/noticias\/wp-json\/wp\/v2\/comments?post=23412"}],"version-history":[{"count":2,"href":"https:\/\/elreporterohgo.com\/noticias\/wp-json\/wp\/v2\/posts\/23412\/revisions"}],"predecessor-version":[{"id":23417,"href":"https:\/\/elreporterohgo.com\/noticias\/wp-json\/wp\/v2\/posts\/23412\/revisions\/23417"}],"wp:featuredmedia":[{"embeddable":true,"href":"https:\/\/elreporterohgo.com\/noticias\/wp-json\/wp\/v2\/media\/23415"}],"wp:attachment":[{"href":"https:\/\/elreporterohgo.com\/noticias\/wp-json\/wp\/v2\/media?parent=23412"}],"wp:term":[{"taxonomy":"category","embeddable":true,"href":"https:\/\/elreporterohgo.com\/noticias\/wp-json\/wp\/v2\/categories?post=23412"},{"taxonomy":"post_tag","embeddable":true,"href":"https:\/\/elreporterohgo.com\/noticias\/wp-json\/wp\/v2\/tags?post=23412"}],"curies":[{"name":"wp","href":"https:\/\/api.w.org\/{rel}","templated":true}]}}