{"id":23326,"date":"2019-01-27T17:07:10","date_gmt":"2019-01-27T23:07:10","guid":{"rendered":"https:\/\/elreporterohgo.com\/noticias\/?p=23326"},"modified":"2019-01-27T17:07:10","modified_gmt":"2019-01-27T23:07:10","slug":"preso-por-golpear-a-su-propio-hijo","status":"publish","type":"post","link":"https:\/\/elreporterohgo.com\/noticias\/2019\/01\/27\/preso-por-golpear-a-su-propio-hijo\/","title":{"rendered":"Preso por golpear a su propio hijo"},"content":{"rendered":"<p><a href=\"https::\/\/elreporterohgo.com\/noticias\/wp-content\/uploads\/2019\/01\/Emmanuel-N-1.jpeg\"><img fetchpriority=\"high\" decoding=\"async\" class=\"alignnone size-medium wp-image-23327\" src=\"https::\/\/elreporterohgo.com\/noticias\/wp-content\/uploads\/2019\/01\/Emmanuel-N-1-243x300.jpeg\" alt=\"\" width=\"243\" height=\"300\" srcset=\"https:\/\/elreporterohgo.com\/noticias\/wp-content\/uploads\/2019\/01\/Emmanuel-N-1-243x300.jpeg 243w, https:\/\/elreporterohgo.com\/noticias\/wp-content\/uploads\/2019\/01\/Emmanuel-N-1.jpeg 577w\" sizes=\"(max-width: 243px) 100vw, 243px\" \/><\/a><\/p>\n<p><strong>Por violencia familiar<\/strong><\/p>\n<p>CUAUTEPEC, Hgo. &#8211; A trav\u00e9s de la Subprocuradur\u00eda de Derechos Humanos y Servicios a la Comunidad, de la Procuradur\u00eda General de Justicia del estado de Hidalgo (PGJEH), se obtuvo sentencia condenatoria de tres a\u00f1os y cuatro meses de prisi\u00f3n, en contra de un hombre acusado del delito de violencia familiar equiparada.<\/p>\n<p>Los hechos de los que result\u00f3 responsable una persona identificada como Emmanuel \u201cN\u201d de 31 a\u00f1os de edad, ocurrieron en el interior de un inmueble ubicado en la localidad de Tezoquipa, en Cuautepec\u00a0 de Hinojosa, mismo que era habitado por el agresor y su familia.<\/p>\n<p>Con base en la investigaci\u00f3n del Ministerio P\u00fablico adscrito a la Subprocuradur\u00eda de Derechos Humanos y Servicios a la Comunidad, se pudo acreditar ante la autoridad judicial que la v\u00edctima, de siete a\u00f1os de edad, recib\u00eda de su padre golpes y maltrato constante, caus\u00e1ndole diversas lesiones f\u00edsicas y psicol\u00f3gicas, obteniendo as\u00ed la vinculaci\u00f3n a proceso del presunto responsable.<\/p>\n<p>Despu\u00e9s de agotar todas las etapas del proceso penal, el Tribunal de Enjuiciamiento le impuso a Emmanuel \u201cN\u201d una sentencia de tres a\u00f1os y cuatro meses de prisi\u00f3n, por el delito de violencia familiar equiparada en agravio de su menor hijo, quien durante el proceso legal recibi\u00f3 atenci\u00f3n especializada del equipo multidisciplinario de la Subprocuradur\u00eda de Derechos Humanos y Servicios a la Comunidad.<\/p>\n","protected":false},"excerpt":{"rendered":"<p>Por violencia familiar CUAUTEPEC, Hgo. &#8211; A trav\u00e9s de la Subprocuradur\u00eda de Derechos Humanos y Servicios a la Comunidad, de la Procuradur\u00eda General de Justicia del estado de Hidalgo (PGJEH), se obtuvo sentencia condenatoria de tres a\u00f1os y cuatro meses de prisi\u00f3n, en contra de un hombre acusado del delito de violencia familiar equiparada. Los<\/p>\n","protected":false},"author":2,"featured_media":23327,"comment_status":"open","ping_status":"closed","sticky":false,"template":"","format":"standard","meta":{"footnotes":""},"categories":[10],"tags":[],"class_list":{"0":"post-23326","1":"post","2":"type-post","3":"status-publish","4":"format-standard","5":"has-post-thumbnail","7":"category-hidalgo"},"_links":{"self":[{"href":"https:\/\/elreporterohgo.com\/noticias\/wp-json\/wp\/v2\/posts\/23326","targetHints":{"allow":["GET"]}}],"collection":[{"href":"https:\/\/elreporterohgo.com\/noticias\/wp-json\/wp\/v2\/posts"}],"about":[{"href":"https:\/\/elreporterohgo.com\/noticias\/wp-json\/wp\/v2\/types\/post"}],"author":[{"embeddable":true,"href":"https:\/\/elreporterohgo.com\/noticias\/wp-json\/wp\/v2\/users\/2"}],"replies":[{"embeddable":true,"href":"https:\/\/elreporterohgo.com\/noticias\/wp-json\/wp\/v2\/comments?post=23326"}],"version-history":[{"count":2,"href":"https:\/\/elreporterohgo.com\/noticias\/wp-json\/wp\/v2\/posts\/23326\/revisions"}],"predecessor-version":[{"id":23329,"href":"https:\/\/elreporterohgo.com\/noticias\/wp-json\/wp\/v2\/posts\/23326\/revisions\/23329"}],"wp:featuredmedia":[{"embeddable":true,"href":"https:\/\/elreporterohgo.com\/noticias\/wp-json\/wp\/v2\/media\/23327"}],"wp:attachment":[{"href":"https:\/\/elreporterohgo.com\/noticias\/wp-json\/wp\/v2\/media?parent=23326"}],"wp:term":[{"taxonomy":"category","embeddable":true,"href":"https:\/\/elreporterohgo.com\/noticias\/wp-json\/wp\/v2\/categories?post=23326"},{"taxonomy":"post_tag","embeddable":true,"href":"https:\/\/elreporterohgo.com\/noticias\/wp-json\/wp\/v2\/tags?post=23326"}],"curies":[{"name":"wp","href":"https:\/\/api.w.org\/{rel}","templated":true}]}}