{"id":23311,"date":"2019-01-26T19:46:07","date_gmt":"2019-01-27T01:46:07","guid":{"rendered":"https:\/\/elreporterohgo.com\/noticias\/?p=23311"},"modified":"2019-01-26T19:48:03","modified_gmt":"2019-01-27T01:48:03","slug":"piden-al-presidente-investigar-fraude-en-venta-de-terrenos-del-imss","status":"publish","type":"post","link":"https:\/\/elreporterohgo.com\/noticias\/2019\/01\/26\/piden-al-presidente-investigar-fraude-en-venta-de-terrenos-del-imss\/","title":{"rendered":"Piden al presidente investigar fraude en venta de terrenos del IMSS"},"content":{"rendered":"<p><a href=\"https::\/\/elreporterohgo.com\/noticias\/wp-content\/uploads\/2019\/01\/unnamed-34-copia.jpg\"><img fetchpriority=\"high\" decoding=\"async\" class=\"alignnone size-medium wp-image-23312\" src=\"https::\/\/elreporterohgo.com\/noticias\/wp-content\/uploads\/2019\/01\/unnamed-34-copia-300x210.jpg\" alt=\"\" width=\"300\" height=\"210\" srcset=\"https:\/\/elreporterohgo.com\/noticias\/wp-content\/uploads\/2019\/01\/unnamed-34-copia-300x210.jpg 300w, https:\/\/elreporterohgo.com\/noticias\/wp-content\/uploads\/2019\/01\/unnamed-34-copia-768x538.jpg 768w, https:\/\/elreporterohgo.com\/noticias\/wp-content\/uploads\/2019\/01\/unnamed-34-copia-1024x718.jpg 1024w, https:\/\/elreporterohgo.com\/noticias\/wp-content\/uploads\/2019\/01\/unnamed-34-copia.jpg 1348w\" sizes=\"(max-width: 300px) 100vw, 300px\" \/><\/a><a href=\"https::\/\/elreporterohgo.com\/noticias\/wp-content\/uploads\/2019\/01\/121212-1.jpg\"><img decoding=\"async\" class=\"alignnone size-medium wp-image-23230\" src=\"https::\/\/elreporterohgo.com\/noticias\/wp-content\/uploads\/2019\/01\/121212-1-275x300.jpg\" alt=\"\" width=\"275\" height=\"300\" srcset=\"https:\/\/elreporterohgo.com\/noticias\/wp-content\/uploads\/2019\/01\/121212-1-275x300.jpg 275w, https:\/\/elreporterohgo.com\/noticias\/wp-content\/uploads\/2019\/01\/121212-1-768x838.jpg 768w, https:\/\/elreporterohgo.com\/noticias\/wp-content\/uploads\/2019\/01\/121212-1-939x1024.jpg 939w, https:\/\/elreporterohgo.com\/noticias\/wp-content\/uploads\/2019\/01\/121212-1.jpg 1267w\" sizes=\"(max-width: 275px) 100vw, 275px\" \/><\/a><\/p>\n<p>Entregaron un oficio en Tulancingo<\/p>\n<p>Por Juan Sabino Cruz<\/p>\n<p>CIUDAD SAHAG\u00daN. \u2013 \u201cNo nos oponemos al progreso, mucho menos a la instalaci\u00f3n de la tienda Chedraui, pero exigimos se investigue la desincorporaci\u00f3n y venta de los terrenos del IMSS donde se busca construir un centro comercial\u201d, afirmaron vecinos de Ciudad Sahag\u00fan que ya entregaron un oficio al presidente Andr\u00e9s Manuel L\u00f3pez Obrador y le solicitan su intervenci\u00f3n.<\/p>\n<p>A las 9 horas del lunes 28 de enero, en la explanada del mercado municipal de Ciudad Sahag\u00fan se tiene programada una manifestaci\u00f3n de comerciantes y poblaci\u00f3n en general para dar informaci\u00f3n de acciones realizadas y exigir que se transparente la transacci\u00f3n comercial y si hubo dolo o vicios ocultos se proceda con estricto apego a derecho.<\/p>\n<p>Los comerciantes se comunicaron a la redacci\u00f3n de EL REPORTERO para dar a conocer que en un reuni\u00f3n acordaron manifestarse la ma\u00f1ana del lunes, ah\u00ed dar\u00e1n informaci\u00f3n sobre acciones realizadas y destaca la entrega de oficios a los diputados y al senador Julio Menchaca para que se investigue el asunto del predio desincorporado del Instituto Mexicano del Seguro Social que ser\u00eda para utilidad p\u00fablica y fue entregado a un particular a precio de remate.<\/p>\n<p>Los quejosos explicaron que entregaron un oficio al presidente Andr\u00e9s Manuel L\u00f3pez Obrador, en su reciente visita a Tulancingo, le piden su intervenci\u00f3n para esclarecer los hechos y si hubo dolo o vicios ocultos se anule la escritura, inclusive, se lleve a prisi\u00f3n a los responsables. la transacci\u00f3n se realizo durante la administraci\u00f3n como alcalde de Alberto Franco Ram\u00edrez.<\/p>\n<p>Hacen la invitaci\u00f3n a los diferentes medios de comunicaci\u00f3n para se enteren el problema y lo informen a sus lectores, pues buscan que se acabe la corrupci\u00f3n.<\/p>\n<p>https::\/\/elreporterohgo.com\/noticias\/2019\/01\/23\/robo-a-la-nacion-con-predio-del-imss\/<\/p>\n","protected":false},"excerpt":{"rendered":"<p>Entregaron un oficio en Tulancingo Por Juan Sabino Cruz CIUDAD SAHAG\u00daN. \u2013 \u201cNo nos oponemos al progreso, mucho menos a la instalaci\u00f3n de la tienda Chedraui, pero exigimos se investigue la desincorporaci\u00f3n y venta de los terrenos del IMSS donde se busca construir un centro comercial\u201d, afirmaron vecinos de Ciudad Sahag\u00fan que ya entregaron un<\/p>\n","protected":false},"author":2,"featured_media":23312,"comment_status":"open","ping_status":"closed","sticky":false,"template":"","format":"standard","meta":{"footnotes":""},"categories":[10],"tags":[],"class_list":{"0":"post-23311","1":"post","2":"type-post","3":"status-publish","4":"format-standard","5":"has-post-thumbnail","7":"category-hidalgo"},"_links":{"self":[{"href":"https:\/\/elreporterohgo.com\/noticias\/wp-json\/wp\/v2\/posts\/23311","targetHints":{"allow":["GET"]}}],"collection":[{"href":"https:\/\/elreporterohgo.com\/noticias\/wp-json\/wp\/v2\/posts"}],"about":[{"href":"https:\/\/elreporterohgo.com\/noticias\/wp-json\/wp\/v2\/types\/post"}],"author":[{"embeddable":true,"href":"https:\/\/elreporterohgo.com\/noticias\/wp-json\/wp\/v2\/users\/2"}],"replies":[{"embeddable":true,"href":"https:\/\/elreporterohgo.com\/noticias\/wp-json\/wp\/v2\/comments?post=23311"}],"version-history":[{"count":3,"href":"https:\/\/elreporterohgo.com\/noticias\/wp-json\/wp\/v2\/posts\/23311\/revisions"}],"predecessor-version":[{"id":23314,"href":"https:\/\/elreporterohgo.com\/noticias\/wp-json\/wp\/v2\/posts\/23311\/revisions\/23314"}],"wp:featuredmedia":[{"embeddable":true,"href":"https:\/\/elreporterohgo.com\/noticias\/wp-json\/wp\/v2\/media\/23312"}],"wp:attachment":[{"href":"https:\/\/elreporterohgo.com\/noticias\/wp-json\/wp\/v2\/media?parent=23311"}],"wp:term":[{"taxonomy":"category","embeddable":true,"href":"https:\/\/elreporterohgo.com\/noticias\/wp-json\/wp\/v2\/categories?post=23311"},{"taxonomy":"post_tag","embeddable":true,"href":"https:\/\/elreporterohgo.com\/noticias\/wp-json\/wp\/v2\/tags?post=23311"}],"curies":[{"name":"wp","href":"https:\/\/api.w.org\/{rel}","templated":true}]}}