{"id":23305,"date":"2019-01-26T15:30:25","date_gmt":"2019-01-26T21:30:25","guid":{"rendered":"https:\/\/elreporterohgo.com\/noticias\/?p=23305"},"modified":"2019-01-26T15:30:25","modified_gmt":"2019-01-26T21:30:25","slug":"lopez-obrar-reconoce-el-trabajo-del-gobierno-de-hidalgo","status":"publish","type":"post","link":"https:\/\/elreporterohgo.com\/noticias\/2019\/01\/26\/lopez-obrar-reconoce-el-trabajo-del-gobierno-de-hidalgo\/","title":{"rendered":"L\u00f3pez Obrar reconoce el trabajo del Gobierno de Hidalgo"},"content":{"rendered":"<p>&nbsp;<\/p>\n<p><a href=\"https::\/\/elreporterohgo.com\/noticias\/wp-content\/uploads\/2019\/01\/unnamed-34.jpg\"><img fetchpriority=\"high\" decoding=\"async\" class=\"alignnone size-medium wp-image-23306\" src=\"https::\/\/elreporterohgo.com\/noticias\/wp-content\/uploads\/2019\/01\/unnamed-34-300x200.jpg\" alt=\"\" width=\"300\" height=\"200\" srcset=\"https:\/\/elreporterohgo.com\/noticias\/wp-content\/uploads\/2019\/01\/unnamed-34-300x200.jpg 300w, https:\/\/elreporterohgo.com\/noticias\/wp-content\/uploads\/2019\/01\/unnamed-34-768x512.jpg 768w, https:\/\/elreporterohgo.com\/noticias\/wp-content\/uploads\/2019\/01\/unnamed-34-1024x683.jpg 1024w\" sizes=\"(max-width: 300px) 100vw, 300px\" \/><\/a><a href=\"https::\/\/elreporterohgo.com\/noticias\/wp-content\/uploads\/2019\/01\/unnamed-35.jpg\"><img decoding=\"async\" class=\"alignnone size-medium wp-image-23307\" src=\"https::\/\/elreporterohgo.com\/noticias\/wp-content\/uploads\/2019\/01\/unnamed-35-300x200.jpg\" alt=\"\" width=\"300\" height=\"200\" srcset=\"https:\/\/elreporterohgo.com\/noticias\/wp-content\/uploads\/2019\/01\/unnamed-35-300x200.jpg 300w, https:\/\/elreporterohgo.com\/noticias\/wp-content\/uploads\/2019\/01\/unnamed-35-768x512.jpg 768w, https:\/\/elreporterohgo.com\/noticias\/wp-content\/uploads\/2019\/01\/unnamed-35-1024x683.jpg 1024w\" sizes=\"(max-width: 300px) 100vw, 300px\" \/><\/a><\/p>\n<p><em>&#8211; Ambos mandatarios hicieron un llamado a la unidad y la coordinaci\u00f3n de esfuerzos.<\/em><\/p>\n<p><em>&#8211; El gobernador Omar Fayad refiri\u00f3 que lo que ayer fue una tragedia en Tlahuelilpan, hoy hay esperanza.<\/em><\/p>\n<p><em>\u00a0Tulancingo, Hgo. &#8211;\u00a0<\/em>En gira de trabajo que llev\u00f3 a cabo el presidente de M\u00e9xico, Andr\u00e9s Manuel L\u00f3pez Obrador en el municipio de Tulancingo, hizo un reconocimiento al trabajo que realiza el gobierno de Hidalgo, que encabeza el mandatario Omar Fayad, quien refiri\u00f3 que para la administraci\u00f3n estatal es prioritario mejorar las condiciones de vida de los m\u00e1s vulnerables.<\/p>\n<p>Al tiempo que lament\u00f3 lo ocurrido la semana pasada en el municipio Tlahuelilpan, no obstante resalt\u00f3 que es necesario trabajar en unidad: \u00abayer fue una tragedia, hoy hay esperanza\u00bb.<\/p>\n<p>Durante la entrega que hizo el jefe del Ejecutivo federal de los Programas Integrales de Desarrollo, tales como \u2018J\u00f3venes Construyendo el Futuro\u2019; \u2018Personas con Discapacidad y Adultos Mayores\u2019, el mandatario estatal habl\u00f3 de las coincidencias que existen en cuanto a la aplicaci\u00f3n de pol\u00edticas p\u00fablicas en el estado que benefician a estos sectores.<\/p>\n<p>En la cuarta visita del mandatario federal a la entidad, Omar Fayad se pronunci\u00f3 por actuar con firmeza y claridad de miras para apoyar de forma inmediata a los j\u00f3venes del estado, \u201ccuente con nosotros para hacer lo que nos toca, como tambi\u00e9n nosotros, contamos con usted\u201d, se\u00f1al\u00f3.<\/p>\n<p>En su intervenci\u00f3n, el presidente L\u00f3pez Obrador, consider\u00f3 que son tiempos de unidad y reconoci\u00f3 la actitud responsable del mandatario hidalguense, por lo que insisti\u00f3: \u00abnecesitamos estar unidos para sacar adelante a nuestro querido M\u00e9xico y el \u00fanico partido que nos debe de importar es el pueblo de M\u00e9xico\u00bb.<\/p>\n<p>Hizo un llamado a la sociedad mexicana a trabajar de manera coordinada, por lo que con la entrega que la administraci\u00f3n federal hace de estos programas, se busca evitar entre otros aspectos, el robo de hidrocarburos, ya que su prop\u00f3sito es que todas las familias tengan un ingreso seguro mensual, por lo que anunci\u00f3 que volver\u00e1 a Tulancingo para evaluar las acciones que emprende su gobierno en la regi\u00f3n.<\/p>\n<p>Es importante destacar que la administraci\u00f3n estatal implement\u00f3 el Programa \u201cMi Primer Empleo, Mi Primer Salario\u201d, a partir del mes de septiembre de 2017, con el cual, j\u00f3venes de 79 municipios se han incorporado a una actividad productiva dentro de las 418 empresas de los sectores industrial, comercial y de servicios.<\/p>\n<p>En lo que se refiere a los beneficios para adultos mayores, en Hidalgo se puso en marcha el pago de una pensi\u00f3n que beneficia a tres mil 618 personas de 65 a\u00f1os y m\u00e1s, en los municipios de Acaxochitl\u00e1n, Calnali, Huautla, La Misi\u00f3n, San Bartolo Tutotepec, San Felipe Orizatl\u00e1n, Tepehuac\u00e1n de Guerrero, Tianguistengo, Tlanchinol, Xochiatipan, Xochicoatl\u00e1n y Yahualica.<\/p>\n<p>Actualmente el gobierno federal cuenta con el Programa \u201cPensi\u00f3n para el bienestar de las personas adultas mayores\u201d, al que puede ingresar cualquier adulto mayor con 68 o m\u00e1s a\u00f1os, as\u00ed como a adultos mayores ind\u00edgenas de 65 a\u00f1os y m\u00e1s, que vivan en comunidades y pueblos originarios.<\/p>\n<p>Para la federaci\u00f3n y el estado, es prioritario brindar mejores condiciones de vida a las personas con discapacidad, que en Hidalgo ascienden a 150 mil 14; lo que representa el 5.6% de la poblaci\u00f3n de la entidad, de acuerdo con el cuestionario ampliado del Censo de Poblaci\u00f3n 2010 del INEGI.<\/p>\n<p>M\u00e1s tarde, en la Tercera Sesi\u00f3n Extraordinaria del Consejo Nacional de Seguridad P\u00fablica, el presidente de M\u00e9xico, hizo un reconocimiento especial al gobernador Omar Fayad, por su desempe\u00f1o durante los hechos ocurridos en el municipio de Tlahuelilpan.<\/p>\n<p>\u201cQuiero hacer un reconocimiento especial al gobernador del estado de Hidalgo, Omar Fayad, porque en circunstancias muy dif\u00edciles, dolorosas, supo estar a la altura de las circunstancias y sin mezquindades, hizo todo lo que ameritaba la circunstancia para que trabaj\u00e1ramos juntos, unidos y enfrent\u00e1ramos esta desgracia que enluteci\u00f3 al pueblo de Hidalgo y al pueblo de M\u00e9xico, mi agradecimiento, mi reconocimiento al gobernador del estado de Hidalgo\u201d.<\/p>\n<p><a href=\"https::\/\/elreporterohgo.com\/noticias\/wp-content\/uploads\/2019\/01\/unnamed-36.jpg\"><img decoding=\"async\" class=\"alignnone size-medium wp-image-23308\" src=\"https::\/\/elreporterohgo.com\/noticias\/wp-content\/uploads\/2019\/01\/unnamed-36-300x200.jpg\" alt=\"\" width=\"300\" height=\"200\" srcset=\"https:\/\/elreporterohgo.com\/noticias\/wp-content\/uploads\/2019\/01\/unnamed-36-300x200.jpg 300w, https:\/\/elreporterohgo.com\/noticias\/wp-content\/uploads\/2019\/01\/unnamed-36-768x512.jpg 768w, https:\/\/elreporterohgo.com\/noticias\/wp-content\/uploads\/2019\/01\/unnamed-36-1024x683.jpg 1024w\" sizes=\"(max-width: 300px) 100vw, 300px\" \/><\/a><\/p>\n","protected":false},"excerpt":{"rendered":"<p>&nbsp; &#8211; Ambos mandatarios hicieron un llamado a la unidad y la coordinaci\u00f3n de esfuerzos. &#8211; El gobernador Omar Fayad refiri\u00f3 que lo que ayer fue una tragedia en Tlahuelilpan, hoy hay esperanza. \u00a0Tulancingo, Hgo. &#8211;\u00a0En gira de trabajo que llev\u00f3 a cabo el presidente de M\u00e9xico, Andr\u00e9s Manuel L\u00f3pez Obrador en el municipio de<\/p>\n","protected":false},"author":2,"featured_media":23306,"comment_status":"open","ping_status":"closed","sticky":false,"template":"","format":"standard","meta":{"footnotes":""},"categories":[10],"tags":[],"class_list":{"0":"post-23305","1":"post","2":"type-post","3":"status-publish","4":"format-standard","5":"has-post-thumbnail","7":"category-hidalgo"},"_links":{"self":[{"href":"https:\/\/elreporterohgo.com\/noticias\/wp-json\/wp\/v2\/posts\/23305","targetHints":{"allow":["GET"]}}],"collection":[{"href":"https:\/\/elreporterohgo.com\/noticias\/wp-json\/wp\/v2\/posts"}],"about":[{"href":"https:\/\/elreporterohgo.com\/noticias\/wp-json\/wp\/v2\/types\/post"}],"author":[{"embeddable":true,"href":"https:\/\/elreporterohgo.com\/noticias\/wp-json\/wp\/v2\/users\/2"}],"replies":[{"embeddable":true,"href":"https:\/\/elreporterohgo.com\/noticias\/wp-json\/wp\/v2\/comments?post=23305"}],"version-history":[{"count":2,"href":"https:\/\/elreporterohgo.com\/noticias\/wp-json\/wp\/v2\/posts\/23305\/revisions"}],"predecessor-version":[{"id":23310,"href":"https:\/\/elreporterohgo.com\/noticias\/wp-json\/wp\/v2\/posts\/23305\/revisions\/23310"}],"wp:featuredmedia":[{"embeddable":true,"href":"https:\/\/elreporterohgo.com\/noticias\/wp-json\/wp\/v2\/media\/23306"}],"wp:attachment":[{"href":"https:\/\/elreporterohgo.com\/noticias\/wp-json\/wp\/v2\/media?parent=23305"}],"wp:term":[{"taxonomy":"category","embeddable":true,"href":"https:\/\/elreporterohgo.com\/noticias\/wp-json\/wp\/v2\/categories?post=23305"},{"taxonomy":"post_tag","embeddable":true,"href":"https:\/\/elreporterohgo.com\/noticias\/wp-json\/wp\/v2\/tags?post=23305"}],"curies":[{"name":"wp","href":"https:\/\/api.w.org\/{rel}","templated":true}]}}