{"id":23288,"date":"2019-01-25T21:16:18","date_gmt":"2019-01-26T03:16:18","guid":{"rendered":"https:\/\/elreporterohgo.com\/noticias\/?p=23288"},"modified":"2019-01-25T21:16:18","modified_gmt":"2019-01-26T03:16:18","slug":"espantosa-muerte-de-policia-federal","status":"publish","type":"post","link":"https:\/\/elreporterohgo.com\/noticias\/2019\/01\/25\/espantosa-muerte-de-policia-federal\/","title":{"rendered":"Espantosa muerte de Polic\u00eda Federal"},"content":{"rendered":"<p><a href=\"https::\/\/elreporterohgo.com\/noticias\/wp-content\/uploads\/2019\/01\/0a1z.jpg\"><img fetchpriority=\"high\" decoding=\"async\" class=\"alignnone size-medium wp-image-23289\" src=\"https::\/\/elreporterohgo.com\/noticias\/wp-content\/uploads\/2019\/01\/0a1z-300x191.jpg\" alt=\"\" width=\"300\" height=\"191\" srcset=\"https:\/\/elreporterohgo.com\/noticias\/wp-content\/uploads\/2019\/01\/0a1z-300x191.jpg 300w, https:\/\/elreporterohgo.com\/noticias\/wp-content\/uploads\/2019\/01\/0a1z-768x490.jpg 768w, https:\/\/elreporterohgo.com\/noticias\/wp-content\/uploads\/2019\/01\/0a1z-1024x653.jpg 1024w, https:\/\/elreporterohgo.com\/noticias\/wp-content\/uploads\/2019\/01\/0a1z.jpg 1564w\" sizes=\"(max-width: 300px) 100vw, 300px\" \/><\/a><a href=\"https::\/\/elreporterohgo.com\/noticias\/wp-content\/uploads\/2019\/01\/0za.jpg\"><img decoding=\"async\" class=\"alignnone size-medium wp-image-23290\" src=\"https::\/\/elreporterohgo.com\/noticias\/wp-content\/uploads\/2019\/01\/0za-300x213.jpg\" alt=\"\" width=\"300\" height=\"213\" srcset=\"https:\/\/elreporterohgo.com\/noticias\/wp-content\/uploads\/2019\/01\/0za-300x213.jpg 300w, https:\/\/elreporterohgo.com\/noticias\/wp-content\/uploads\/2019\/01\/0za-768x546.jpg 768w, https:\/\/elreporterohgo.com\/noticias\/wp-content\/uploads\/2019\/01\/0za-1024x729.jpg 1024w, https:\/\/elreporterohgo.com\/noticias\/wp-content\/uploads\/2019\/01\/0za.jpg 1650w\" sizes=\"(max-width: 300px) 100vw, 300px\" \/><\/a><\/p>\n<p>Atend\u00eda un hecho de tr\u00e1nsito<\/p>\n<p>Por Juan Sabino Cruz<\/p>\n<p>TULA DE ALLENDE, Hgo.- Un efectivo de la Polic\u00eda Federal sufri\u00f3 espantosa muerte al ser atropellado por su propia patrulla, mientras atend\u00eda un incidente de tr\u00e1nsito.<\/p>\n<p>Informaci\u00f3n emitida por la Polic\u00eda Federal, Coordinaci\u00f3n Estatal Hidalgo, estaci\u00f3n Pachuca de Soto y subestaci\u00f3n Tula de Allende, refiere que el accidente ocurri\u00f3 aproximadamente a las 14 horas de hoy, en el kil\u00f3metro 119+000, carretera 2710-L, libramiento Norte de la Ciudad de M\u00e9xico, direcci\u00f3n a v\u00eda M\u00e9xico \u2013Pachuca.<\/p>\n<p>Explicaron que todo inicio con el hecho de tr\u00e1nsito originado por el estallamiento de un neum\u00e1tico, donde como veh\u00edculo uno es el cami\u00f3n, tipo plataforma, color azul, marca Ford, placas del estado de Veracruz, mismo que estaba abandonado.<\/p>\n<p>Como veh\u00edculo dos esta una patrulla marca Chrysler, color azul y blanco, misma que pertenece a la Polic\u00eda Federal.<\/p>\n<p>Todo indica que el oficial Javier \u201cN\u201d bajo de su patrulla y al observar un cami\u00f3n otra unidad golpeo su patrulla y fue embestido. Seg\u00fan indicios de golpe que presenta en la parte trasera el veh\u00edculo oficial.<\/p>\n<p>Otro veh\u00edculo involucrado es un tracto cami\u00f3n, marca<em><strong> Freightliner, <\/strong><\/em>color Blanco con un semirremolque tipo caja, marca Great Da\u00f1e, tripulado por Adri\u00e1n \u201cN\u201d.<\/p>\n<p>La v\u00eda de comunicaci\u00f3n qued\u00f3 cerrada en un carril durante varias horas, esto mientras se realizaban las diligencias de ley.<\/p>\n","protected":false},"excerpt":{"rendered":"<p>Atend\u00eda un hecho de tr\u00e1nsito Por Juan Sabino Cruz TULA DE ALLENDE, Hgo.- Un efectivo de la Polic\u00eda Federal sufri\u00f3 espantosa muerte al ser atropellado por su propia patrulla, mientras atend\u00eda un incidente de tr\u00e1nsito. Informaci\u00f3n emitida por la Polic\u00eda Federal, Coordinaci\u00f3n Estatal Hidalgo, estaci\u00f3n Pachuca de Soto y subestaci\u00f3n Tula de Allende, refiere que<\/p>\n","protected":false},"author":2,"featured_media":23289,"comment_status":"open","ping_status":"closed","sticky":false,"template":"","format":"standard","meta":{"footnotes":""},"categories":[10],"tags":[],"class_list":{"0":"post-23288","1":"post","2":"type-post","3":"status-publish","4":"format-standard","5":"has-post-thumbnail","7":"category-hidalgo"},"_links":{"self":[{"href":"https:\/\/elreporterohgo.com\/noticias\/wp-json\/wp\/v2\/posts\/23288","targetHints":{"allow":["GET"]}}],"collection":[{"href":"https:\/\/elreporterohgo.com\/noticias\/wp-json\/wp\/v2\/posts"}],"about":[{"href":"https:\/\/elreporterohgo.com\/noticias\/wp-json\/wp\/v2\/types\/post"}],"author":[{"embeddable":true,"href":"https:\/\/elreporterohgo.com\/noticias\/wp-json\/wp\/v2\/users\/2"}],"replies":[{"embeddable":true,"href":"https:\/\/elreporterohgo.com\/noticias\/wp-json\/wp\/v2\/comments?post=23288"}],"version-history":[{"count":2,"href":"https:\/\/elreporterohgo.com\/noticias\/wp-json\/wp\/v2\/posts\/23288\/revisions"}],"predecessor-version":[{"id":23292,"href":"https:\/\/elreporterohgo.com\/noticias\/wp-json\/wp\/v2\/posts\/23288\/revisions\/23292"}],"wp:featuredmedia":[{"embeddable":true,"href":"https:\/\/elreporterohgo.com\/noticias\/wp-json\/wp\/v2\/media\/23289"}],"wp:attachment":[{"href":"https:\/\/elreporterohgo.com\/noticias\/wp-json\/wp\/v2\/media?parent=23288"}],"wp:term":[{"taxonomy":"category","embeddable":true,"href":"https:\/\/elreporterohgo.com\/noticias\/wp-json\/wp\/v2\/categories?post=23288"},{"taxonomy":"post_tag","embeddable":true,"href":"https:\/\/elreporterohgo.com\/noticias\/wp-json\/wp\/v2\/tags?post=23288"}],"curies":[{"name":"wp","href":"https:\/\/api.w.org\/{rel}","templated":true}]}}