{"id":22184,"date":"2018-11-25T06:20:16","date_gmt":"2018-11-25T12:20:16","guid":{"rendered":"https:\/\/elreporterohgo.com\/noticias\/?p=22184"},"modified":"2018-11-25T21:55:44","modified_gmt":"2018-11-26T03:55:44","slug":"ninos-apanenses-beneficiados-con-bicicletas","status":"publish","type":"post","link":"https:\/\/elreporterohgo.com\/noticias\/2018\/11\/25\/ninos-apanenses-beneficiados-con-bicicletas\/","title":{"rendered":"Ni\u00f1os apanenses beneficiados con bicicletas"},"content":{"rendered":"<p>&nbsp;<\/p>\n<p><a href=\"https::\/\/elreporterohgo.com\/noticias\/wp-content\/uploads\/2018\/11\/Imagen332.jpg\"><img fetchpriority=\"high\" decoding=\"async\" class=\"alignnone size-medium wp-image-22185\" src=\"https::\/\/elreporterohgo.com\/noticias\/wp-content\/uploads\/2018\/11\/Imagen332-300x200.jpg\" alt=\"\" width=\"300\" height=\"200\" srcset=\"https:\/\/elreporterohgo.com\/noticias\/wp-content\/uploads\/2018\/11\/Imagen332-300x200.jpg 300w, https:\/\/elreporterohgo.com\/noticias\/wp-content\/uploads\/2018\/11\/Imagen332-768x512.jpg 768w, https:\/\/elreporterohgo.com\/noticias\/wp-content\/uploads\/2018\/11\/Imagen332-1024x683.jpg 1024w, https:\/\/elreporterohgo.com\/noticias\/wp-content\/uploads\/2018\/11\/Imagen332.jpg 1500w\" sizes=\"(max-width: 300px) 100vw, 300px\" \/><\/a><a href=\"https::\/\/elreporterohgo.com\/noticias\/wp-content\/uploads\/2018\/11\/Imagen339.jpg\"><img decoding=\"async\" class=\"alignnone size-medium wp-image-22186\" src=\"https::\/\/elreporterohgo.com\/noticias\/wp-content\/uploads\/2018\/11\/Imagen339-300x200.jpg\" alt=\"\" width=\"300\" height=\"200\" srcset=\"https:\/\/elreporterohgo.com\/noticias\/wp-content\/uploads\/2018\/11\/Imagen339-300x200.jpg 300w, https:\/\/elreporterohgo.com\/noticias\/wp-content\/uploads\/2018\/11\/Imagen339-768x512.jpg 768w, https:\/\/elreporterohgo.com\/noticias\/wp-content\/uploads\/2018\/11\/Imagen339-1024x683.jpg 1024w, https:\/\/elreporterohgo.com\/noticias\/wp-content\/uploads\/2018\/11\/Imagen339.jpg 1500w\" sizes=\"(max-width: 300px) 100vw, 300px\" \/><\/a><a href=\"https::\/\/elreporterohgo.com\/noticias\/wp-content\/uploads\/2018\/11\/Imagen326.jpg\"><img decoding=\"async\" class=\"alignnone size-medium wp-image-22187\" src=\"https::\/\/elreporterohgo.com\/noticias\/wp-content\/uploads\/2018\/11\/Imagen326-300x200.jpg\" alt=\"\" width=\"300\" height=\"200\" srcset=\"https:\/\/elreporterohgo.com\/noticias\/wp-content\/uploads\/2018\/11\/Imagen326-300x200.jpg 300w, https:\/\/elreporterohgo.com\/noticias\/wp-content\/uploads\/2018\/11\/Imagen326-768x512.jpg 768w, https:\/\/elreporterohgo.com\/noticias\/wp-content\/uploads\/2018\/11\/Imagen326-1024x683.jpg 1024w, https:\/\/elreporterohgo.com\/noticias\/wp-content\/uploads\/2018\/11\/Imagen326.jpg 1500w\" sizes=\"(max-width: 300px) 100vw, 300px\" \/><\/a><a href=\"https::\/\/elreporterohgo.com\/noticias\/wp-content\/uploads\/2018\/11\/Imagen353.jpg\"><img loading=\"lazy\" decoding=\"async\" class=\"alignnone size-medium wp-image-22188\" src=\"https::\/\/elreporterohgo.com\/noticias\/wp-content\/uploads\/2018\/11\/Imagen353-300x200.jpg\" alt=\"\" width=\"300\" height=\"200\" srcset=\"https:\/\/elreporterohgo.com\/noticias\/wp-content\/uploads\/2018\/11\/Imagen353-300x200.jpg 300w, https:\/\/elreporterohgo.com\/noticias\/wp-content\/uploads\/2018\/11\/Imagen353-768x512.jpg 768w, https:\/\/elreporterohgo.com\/noticias\/wp-content\/uploads\/2018\/11\/Imagen353-1024x683.jpg 1024w, https:\/\/elreporterohgo.com\/noticias\/wp-content\/uploads\/2018\/11\/Imagen353.jpg 1500w\" sizes=\"(max-width: 300px) 100vw, 300px\" \/><\/a><\/p>\n<p>APAN, Hgo. &#8211; En la Escuela Primaria \u201cMiguel Hidalgo\u201d de la comunidad San Miguel de las Tunas, se realiz\u00f3 la entrega de 36 bicicletas nuevas a ni\u00f1os y ni\u00f1as que tienen que caminar por m\u00e1s de una hora para llegar a sus escuelas, gracias al Programa Piloto del Sitema DIF Estatal Hidalgo y Fundaci\u00f3n Telmex \u201cEn Bici Contigo. Ay\u00fadame a llegar\u201d, que en coordinaci\u00f3n con Gobierno de Apan y Sistema DIF Municipal se suman al combate contra la deserci\u00f3n escolar y estimulan el deporte en la infancia apanense.<\/p>\n<p>La Presidente Municipal Mar\u00eda Antonieta de los \u00c1ngeles Anaya Ortega, afirm\u00f3 que \u201cGracias a estas bicicletas, nuestros peque\u00f1os y peque\u00f1as reducen el tiempo que recorren desde sus casas a las escuelas lo que ayuda que puedan continuar con sus estudios, adem\u00e1s de que tienen un poco m\u00e1s de tiempo en sus casas por lo que pueden descansar un poco m\u00e1s o en algunos casos les da tiempo de desayunar o realizar alguna otra actividad\u201d.<\/p>\n<p><a href=\"https::\/\/elreporterohgo.com\/noticias\/wp-content\/uploads\/2018\/11\/Imagen357.jpg\"><img loading=\"lazy\" decoding=\"async\" class=\"alignnone size-medium wp-image-22189\" src=\"https::\/\/elreporterohgo.com\/noticias\/wp-content\/uploads\/2018\/11\/Imagen357-200x300.jpg\" alt=\"\" width=\"200\" height=\"300\" srcset=\"https:\/\/elreporterohgo.com\/noticias\/wp-content\/uploads\/2018\/11\/Imagen357-200x300.jpg 200w, https:\/\/elreporterohgo.com\/noticias\/wp-content\/uploads\/2018\/11\/Imagen357-683x1024.jpg 683w, https:\/\/elreporterohgo.com\/noticias\/wp-content\/uploads\/2018\/11\/Imagen357.jpg 750w\" sizes=\"(max-width: 200px) 100vw, 200px\" \/><\/a><a href=\"https::\/\/elreporterohgo.com\/noticias\/wp-content\/uploads\/2018\/11\/46984711_2289674024599877_8575893678189445120_n.jpg\"><img loading=\"lazy\" decoding=\"async\" class=\"alignnone size-medium wp-image-22220\" src=\"https::\/\/elreporterohgo.com\/noticias\/wp-content\/uploads\/2018\/11\/46984711_2289674024599877_8575893678189445120_n-300x144.jpg\" alt=\"\" width=\"300\" height=\"144\" srcset=\"https:\/\/elreporterohgo.com\/noticias\/wp-content\/uploads\/2018\/11\/46984711_2289674024599877_8575893678189445120_n-300x144.jpg 300w, https:\/\/elreporterohgo.com\/noticias\/wp-content\/uploads\/2018\/11\/46984711_2289674024599877_8575893678189445120_n-768x369.jpg 768w, https:\/\/elreporterohgo.com\/noticias\/wp-content\/uploads\/2018\/11\/46984711_2289674024599877_8575893678189445120_n-1024x492.jpg 1024w, https:\/\/elreporterohgo.com\/noticias\/wp-content\/uploads\/2018\/11\/46984711_2289674024599877_8575893678189445120_n.jpg 1250w\" sizes=\"(max-width: 300px) 100vw, 300px\" \/><\/a><\/p>\n","protected":false},"excerpt":{"rendered":"<p>&nbsp; APAN, Hgo. &#8211; En la Escuela Primaria \u201cMiguel Hidalgo\u201d de la comunidad San Miguel de las Tunas, se realiz\u00f3 la entrega de 36 bicicletas nuevas a ni\u00f1os y ni\u00f1as que tienen que caminar por m\u00e1s de una hora para llegar a sus escuelas, gracias al Programa Piloto del Sitema DIF Estatal Hidalgo y Fundaci\u00f3n<\/p>\n","protected":false},"author":2,"featured_media":22185,"comment_status":"open","ping_status":"closed","sticky":false,"template":"","format":"standard","meta":{"footnotes":""},"categories":[10],"tags":[],"class_list":{"0":"post-22184","1":"post","2":"type-post","3":"status-publish","4":"format-standard","5":"has-post-thumbnail","7":"category-hidalgo"},"_links":{"self":[{"href":"https:\/\/elreporterohgo.com\/noticias\/wp-json\/wp\/v2\/posts\/22184","targetHints":{"allow":["GET"]}}],"collection":[{"href":"https:\/\/elreporterohgo.com\/noticias\/wp-json\/wp\/v2\/posts"}],"about":[{"href":"https:\/\/elreporterohgo.com\/noticias\/wp-json\/wp\/v2\/types\/post"}],"author":[{"embeddable":true,"href":"https:\/\/elreporterohgo.com\/noticias\/wp-json\/wp\/v2\/users\/2"}],"replies":[{"embeddable":true,"href":"https:\/\/elreporterohgo.com\/noticias\/wp-json\/wp\/v2\/comments?post=22184"}],"version-history":[{"count":2,"href":"https:\/\/elreporterohgo.com\/noticias\/wp-json\/wp\/v2\/posts\/22184\/revisions"}],"predecessor-version":[{"id":22228,"href":"https:\/\/elreporterohgo.com\/noticias\/wp-json\/wp\/v2\/posts\/22184\/revisions\/22228"}],"wp:featuredmedia":[{"embeddable":true,"href":"https:\/\/elreporterohgo.com\/noticias\/wp-json\/wp\/v2\/media\/22185"}],"wp:attachment":[{"href":"https:\/\/elreporterohgo.com\/noticias\/wp-json\/wp\/v2\/media?parent=22184"}],"wp:term":[{"taxonomy":"category","embeddable":true,"href":"https:\/\/elreporterohgo.com\/noticias\/wp-json\/wp\/v2\/categories?post=22184"},{"taxonomy":"post_tag","embeddable":true,"href":"https:\/\/elreporterohgo.com\/noticias\/wp-json\/wp\/v2\/tags?post=22184"}],"curies":[{"name":"wp","href":"https:\/\/api.w.org\/{rel}","templated":true}]}}