{"id":22173,"date":"2018-11-25T05:24:50","date_gmt":"2018-11-25T11:24:50","guid":{"rendered":"https:\/\/elreporterohgo.com\/noticias\/?p=22173"},"modified":"2018-11-25T21:57:06","modified_gmt":"2018-11-26T03:57:06","slug":"israel-felix-soto-presento-el-proyecto-sincrotron-mexicano-ante-el-congreso-federal","status":"publish","type":"post","link":"https:\/\/elreporterohgo.com\/noticias\/2018\/11\/25\/israel-felix-soto-presento-el-proyecto-sincrotron-mexicano-ante-el-congreso-federal\/","title":{"rendered":"Israel F\u00e9lix Soto present\u00f3 el proyecto Sincrotr\u00f3n Mexicano ante el Congreso Federal"},"content":{"rendered":"<p>&nbsp;<\/p>\n<p><a href=\"https::\/\/elreporterohgo.com\/noticias\/wp-content\/uploads\/2018\/11\/00conroton7.jpg\"><img fetchpriority=\"high\" decoding=\"async\" class=\"alignnone size-medium wp-image-22174\" src=\"https::\/\/elreporterohgo.com\/noticias\/wp-content\/uploads\/2018\/11\/00conroton7-300x194.jpg\" alt=\"\" width=\"300\" height=\"194\" srcset=\"https:\/\/elreporterohgo.com\/noticias\/wp-content\/uploads\/2018\/11\/00conroton7-300x194.jpg 300w, https:\/\/elreporterohgo.com\/noticias\/wp-content\/uploads\/2018\/11\/00conroton7-768x496.jpg 768w, https:\/\/elreporterohgo.com\/noticias\/wp-content\/uploads\/2018\/11\/00conroton7.jpg 822w\" sizes=\"(max-width: 300px) 100vw, 300px\" \/><\/a><\/p>\n<p>CDMX.- En atenci\u00f3n a la pol\u00edtica transversal de ciencia, tecnolog\u00eda e innovaci\u00f3n establecida en el Plan Estatal de Desarrollo de Hidalgo, y para impulsar la construcci\u00f3n de un Sincrotr\u00f3n, el Secretario de la Pol\u00edtica P\u00fablica del gobierno estatal, Israel F\u00e9lix Soto, present\u00f3 ante la C\u00e1mara de Diputados de San L\u00e1zaro, la intenci\u00f3n y la propuesta del estado a fin de consolidar este gran proyecto en la entidad.<\/p>\n<p>Durante la realizaci\u00f3n de un Foro de Pol\u00edticas P\u00fablicas y Presupuesto para Ciencia, Tecnolog\u00eda e Innovaci\u00f3n que se celebr\u00f3 en el Sal\u00f3n de los Cristales del edificio \u201cG\u201d de la c\u00e1mara baja, reconocidos ponentes resaltaron la importancia del financiamiento p\u00fablico y privado de las actividades cient\u00edficas, tecnol\u00f3gicas y de innovaci\u00f3n, como promotores de bienestar social, cultural y econ\u00f3mico en el pa\u00eds.<\/p>\n<p>M\u00e1s tarde, durante la reuni\u00f3n que sostuvo el funcionario estatal, en presencia de Lam\u00e1n Carranza Ram\u00edrez, titular de la Unidad de Planeaci\u00f3n y Prospectiva as\u00ed como el diputado local Jorge Mayorga \u00a0con la legisladora federal Marivel Sol\u00eds Barrera, presidenta de la Comisi\u00f3n de Ciencia y Tecnolog\u00eda en San L\u00e1zaro,\u00a0 F\u00e9lix Soto plante\u00f3 que este proyecto es una gran aportaci\u00f3n al estudio cient\u00edfico en M\u00e9xico y que sin duda alguna colocar\u00eda a Hidalgo y a M\u00e9xico a la vanguardia mundial en diversas \u00e1reas de la ciencia, la tecnolog\u00eda y la innovaci\u00f3n.<\/p>\n<p><a href=\"https::\/\/elreporterohgo.com\/noticias\/wp-content\/uploads\/2018\/11\/46984711_2289674024599877_8575893678189445120_n-1.jpg\"><img decoding=\"async\" class=\"alignnone size-medium wp-image-22226\" src=\"https::\/\/elreporterohgo.com\/noticias\/wp-content\/uploads\/2018\/11\/46984711_2289674024599877_8575893678189445120_n-1-300x144.jpg\" alt=\"\" width=\"300\" height=\"144\" srcset=\"https:\/\/elreporterohgo.com\/noticias\/wp-content\/uploads\/2018\/11\/46984711_2289674024599877_8575893678189445120_n-1-300x144.jpg 300w, https:\/\/elreporterohgo.com\/noticias\/wp-content\/uploads\/2018\/11\/46984711_2289674024599877_8575893678189445120_n-1-768x369.jpg 768w, https:\/\/elreporterohgo.com\/noticias\/wp-content\/uploads\/2018\/11\/46984711_2289674024599877_8575893678189445120_n-1-1024x492.jpg 1024w, https:\/\/elreporterohgo.com\/noticias\/wp-content\/uploads\/2018\/11\/46984711_2289674024599877_8575893678189445120_n-1.jpg 1250w\" sizes=\"(max-width: 300px) 100vw, 300px\" \/><\/a><\/p>\n<p>&nbsp;<\/p>\n<p>&nbsp;<\/p>\n<p>&nbsp;<\/p>\n<p>&nbsp;<\/p>\n<p>&nbsp;<\/p>\n<p>&nbsp;<\/p>\n<p>\u201cEl principal objetivo de contar con un Sincrotr\u00f3n es generar soluciones a las necesidades de la poblaci\u00f3n mexicana e incrementar la competitividad de la industria nacional, fortaleciendo la soberan\u00eda nacional y la independencia tecnol\u00f3gica de nuestro pa\u00eds\u201d, asent\u00f3 el responsable de las Pol\u00edticas P\u00fablicas del gobierno de Hidalgo.<\/p>\n<p>Israel F\u00e9lix destac\u00f3 que Hidalgo impulsa un proyecto de esta magnitud y naturaleza, con una visi\u00f3n de vanguardia y de impacto en el pa\u00eds, favoreciendo un cambio profundo en la din\u00e1mica econ\u00f3mica y social en el estado, la regi\u00f3n y en todo M\u00e9xico.<\/p>\n<p>\u201cEl gobernador Omar Fayad y\u00a0 todo su equipo de trabajo estamos listos para ayudar a que Hidalgo siga creciendo, y que M\u00e9xico contin\u00fae avanzando en su desarrollo mediante la ciencia y la tecnolog\u00eda, permiti\u00e9ndole formar parte de los pa\u00edses que se destacan en el \u00e1mbito internacional en este rubro\u201d, se\u00f1al\u00f3 F\u00e9lix Soto.<\/p>\n<p>\u201cLos hidalguenses estamos entusiasmados y preparados para albergar este proyecto. Estamos dispuestos a ofrecer este espacio de gran ciencia. Por ello, vendr\u00e1n cient\u00edficos nacionales e internacionales, acad\u00e9micos y muchos especialistas que tienen participaci\u00f3n en este gran proyecto. La suma de voluntades garantiza el porvenir de M\u00e9xico y de Hidalgo\u201d, expuso F\u00e9lix Soto.<\/p>\n<p>Cabe resaltar que en este sentido, este domingo se realizar\u00e1 el Foro Internacional Sincrotr\u00f3n Mexicano, con sede en la capital hidalguense de las 10:00 a las 15:30 horas en el Parque Cient\u00edfico y Tecnol\u00f3gico de Hidalgo.<\/p>\n<p>&nbsp;<\/p>\n<p>&nbsp;<\/p>\n","protected":false},"excerpt":{"rendered":"<p>&nbsp; CDMX.- En atenci\u00f3n a la pol\u00edtica transversal de ciencia, tecnolog\u00eda e innovaci\u00f3n establecida en el Plan Estatal de Desarrollo de Hidalgo, y para impulsar la construcci\u00f3n de un Sincrotr\u00f3n, el Secretario de la Pol\u00edtica P\u00fablica del gobierno estatal, Israel F\u00e9lix Soto, present\u00f3 ante la C\u00e1mara de Diputados de San L\u00e1zaro, la intenci\u00f3n y la<\/p>\n","protected":false},"author":2,"featured_media":22174,"comment_status":"open","ping_status":"closed","sticky":false,"template":"","format":"standard","meta":{"footnotes":""},"categories":[10],"tags":[],"class_list":{"0":"post-22173","1":"post","2":"type-post","3":"status-publish","4":"format-standard","5":"has-post-thumbnail","7":"category-hidalgo"},"_links":{"self":[{"href":"https:\/\/elreporterohgo.com\/noticias\/wp-json\/wp\/v2\/posts\/22173","targetHints":{"allow":["GET"]}}],"collection":[{"href":"https:\/\/elreporterohgo.com\/noticias\/wp-json\/wp\/v2\/posts"}],"about":[{"href":"https:\/\/elreporterohgo.com\/noticias\/wp-json\/wp\/v2\/types\/post"}],"author":[{"embeddable":true,"href":"https:\/\/elreporterohgo.com\/noticias\/wp-json\/wp\/v2\/users\/2"}],"replies":[{"embeddable":true,"href":"https:\/\/elreporterohgo.com\/noticias\/wp-json\/wp\/v2\/comments?post=22173"}],"version-history":[{"count":2,"href":"https:\/\/elreporterohgo.com\/noticias\/wp-json\/wp\/v2\/posts\/22173\/revisions"}],"predecessor-version":[{"id":22230,"href":"https:\/\/elreporterohgo.com\/noticias\/wp-json\/wp\/v2\/posts\/22173\/revisions\/22230"}],"wp:featuredmedia":[{"embeddable":true,"href":"https:\/\/elreporterohgo.com\/noticias\/wp-json\/wp\/v2\/media\/22174"}],"wp:attachment":[{"href":"https:\/\/elreporterohgo.com\/noticias\/wp-json\/wp\/v2\/media?parent=22173"}],"wp:term":[{"taxonomy":"category","embeddable":true,"href":"https:\/\/elreporterohgo.com\/noticias\/wp-json\/wp\/v2\/categories?post=22173"},{"taxonomy":"post_tag","embeddable":true,"href":"https:\/\/elreporterohgo.com\/noticias\/wp-json\/wp\/v2\/tags?post=22173"}],"curies":[{"name":"wp","href":"https:\/\/api.w.org\/{rel}","templated":true}]}}