{"id":22166,"date":"2018-11-23T09:40:21","date_gmt":"2018-11-23T15:40:21","guid":{"rendered":"https:\/\/elreporterohgo.com\/noticias\/?p=22166"},"modified":"2018-11-23T09:40:21","modified_gmt":"2018-11-23T15:40:21","slug":"omar-fayad-presenta-agenda-de-desarrollo-economico","status":"publish","type":"post","link":"https:\/\/elreporterohgo.com\/noticias\/2018\/11\/23\/omar-fayad-presenta-agenda-de-desarrollo-economico\/","title":{"rendered":"Omar Fayad presenta agenda de desarrollo econ\u00f3mico"},"content":{"rendered":"<p>&nbsp;<\/p>\n<p><a href=\"https::\/\/elreporterohgo.com\/noticias\/wp-content\/uploads\/2018\/11\/0cona7.jpg\"><img fetchpriority=\"high\" decoding=\"async\" class=\"alignnone size-medium wp-image-22167\" src=\"https::\/\/elreporterohgo.com\/noticias\/wp-content\/uploads\/2018\/11\/0cona7-300x181.jpg\" alt=\"\" width=\"300\" height=\"181\" srcset=\"https:\/\/elreporterohgo.com\/noticias\/wp-content\/uploads\/2018\/11\/0cona7-300x181.jpg 300w, https:\/\/elreporterohgo.com\/noticias\/wp-content\/uploads\/2018\/11\/0cona7-768x463.jpg 768w, https:\/\/elreporterohgo.com\/noticias\/wp-content\/uploads\/2018\/11\/0cona7-1024x617.jpg 1024w, https:\/\/elreporterohgo.com\/noticias\/wp-content\/uploads\/2018\/11\/0cona7-600x360.jpg 600w\" sizes=\"(max-width: 300px) 100vw, 300px\" \/><\/a><a href=\"https::\/\/elreporterohgo.com\/noticias\/wp-content\/uploads\/2018\/11\/0cona2.jpg\"><img decoding=\"async\" class=\"alignnone size-medium wp-image-22168\" src=\"https::\/\/elreporterohgo.com\/noticias\/wp-content\/uploads\/2018\/11\/0cona2-300x200.jpg\" alt=\"\" width=\"300\" height=\"200\" srcset=\"https:\/\/elreporterohgo.com\/noticias\/wp-content\/uploads\/2018\/11\/0cona2-300x200.jpg 300w, https:\/\/elreporterohgo.com\/noticias\/wp-content\/uploads\/2018\/11\/0cona2-768x512.jpg 768w, https:\/\/elreporterohgo.com\/noticias\/wp-content\/uploads\/2018\/11\/0cona2-1024x683.jpg 1024w, https:\/\/elreporterohgo.com\/noticias\/wp-content\/uploads\/2018\/11\/0cona2.jpg 1920w\" sizes=\"(max-width: 300px) 100vw, 300px\" \/><\/a><a href=\"https::\/\/elreporterohgo.com\/noticias\/wp-content\/uploads\/2018\/11\/0conag5.jpg\"><img decoding=\"async\" class=\"alignnone size-medium wp-image-22169\" src=\"https::\/\/elreporterohgo.com\/noticias\/wp-content\/uploads\/2018\/11\/0conag5-300x163.jpg\" alt=\"\" width=\"300\" height=\"163\" srcset=\"https:\/\/elreporterohgo.com\/noticias\/wp-content\/uploads\/2018\/11\/0conag5-300x163.jpg 300w, https:\/\/elreporterohgo.com\/noticias\/wp-content\/uploads\/2018\/11\/0conag5-768x418.jpg 768w, https:\/\/elreporterohgo.com\/noticias\/wp-content\/uploads\/2018\/11\/0conag5-1024x558.jpg 1024w\" sizes=\"(max-width: 300px) 100vw, 300px\" \/><\/a><a href=\"https::\/\/elreporterohgo.com\/noticias\/wp-content\/uploads\/2018\/11\/0conag.jpg\"><img loading=\"lazy\" decoding=\"async\" class=\"alignnone size-medium wp-image-22170\" src=\"https::\/\/elreporterohgo.com\/noticias\/wp-content\/uploads\/2018\/11\/0conag-300x200.jpg\" alt=\"\" width=\"300\" height=\"200\" srcset=\"https:\/\/elreporterohgo.com\/noticias\/wp-content\/uploads\/2018\/11\/0conag-300x200.jpg 300w, https:\/\/elreporterohgo.com\/noticias\/wp-content\/uploads\/2018\/11\/0conag-768x512.jpg 768w, https:\/\/elreporterohgo.com\/noticias\/wp-content\/uploads\/2018\/11\/0conag-1024x683.jpg 1024w, https:\/\/elreporterohgo.com\/noticias\/wp-content\/uploads\/2018\/11\/0conag.jpg 1920w\" sizes=\"(max-width: 300px) 100vw, 300px\" \/><\/a><\/p>\n<ul>\n<li><em>Hidalgo fue sede de la reuni\u00f3n de la CONAGO donde se instal\u00f3 la Comisi\u00f3n de Desarrollo Econ\u00f3mico.<\/em><\/li>\n<li><em>La estrategia articula las propuestas econ\u00f3micas del nuevo gobierno en cuatro ejes: competitividad, cadenas productivas, inversiones e innovaci\u00f3n.<\/em><\/li>\n<li>Ildefonso Guajardo y Arnoldo Padilla en representaci\u00f3n del virtual Canciller Marcelo Ebrard, destacaron la visi\u00f3n del mandatario hidalguense en materia de Desarrollo Econ\u00f3mico.<\/li>\n<\/ul>\n<p>San Agust\u00edn Tlaxiaca, Hgo. &#8211;\u00a0 Se llev\u00f3 a cabo en la ciudad de Pachuca, la instalaci\u00f3n de la Comisi\u00f3n de Desarrollo Econ\u00f3mico de la Conferencia Nacional de Gobernadores, que desde este a\u00f1o preside el titular del Ejecutivo estatal hidalguense, Omar Fayad Meneses.<\/p>\n<p>El mandatario se\u00f1al\u00f3 que es necesario abrir un espacio para proponer e impulsar desde los estados, de la mano del gobierno federal, una agenda conjunta de desarrollo econ\u00f3mico que llegue a todos los rincones del pa\u00eds, en espec\u00edfico en los que m\u00e1s lo necesitan, la cual debe estar alineada con la visi\u00f3n de la nueva administraci\u00f3n, as\u00ed como las consideraciones de gobiernos locales, de los empresarios y de la gente.<\/p>\n<p>Esto, continu\u00f3, para que la estabilidad econ\u00f3mica relativa y la apertura comercial que de manera importante se ha vivido en M\u00e9xico en los \u00faltimos veinte a\u00f1os, se refleje en el bolsillo de las familias mexicanas y en la calidad del empleo que se genera.<\/p>\n<p>Con la presencia del secretario de Econom\u00eda, Ildefonso Guajardo y del gobernador de Chiapas, Manuel Velasco, presidente de la Conago; Omar Fayad hizo \u00e9nfasis en la necesidad de crear m\u00e1s empleos que est\u00e9n mejor remunerados. Para ello, present\u00f3 una estrategia de desarrollo econ\u00f3mico para los estados, la cual consta de cuatro ejes: competitividad, fortalecimiento de las cadenas de producci\u00f3n nacionales, atracci\u00f3n de nuevas inversiones e impulso a la innovaci\u00f3n.<\/p>\n<p>El primer eje, competitividad, busca construir un ambiente de negocios, con la mejora regulatoria como principal referente, para facilitar hacer e instalar negocios en cualquier parte del pa\u00eds. El segundo eje, fortalecimiento de las cadenas productivas, tiene estrategias orientadas a incrementar y mejorar el financiamiento productivo, la tecnificaci\u00f3n del campo, as\u00ed como la profesionalizaci\u00f3n de la mano de obra y el acompa\u00f1amiento a las MIPYME para que puedan vender a otras empresas y exportar.<\/p>\n<p>En relaci\u00f3n al eje de inversiones, explic\u00f3 que est\u00e1 enfocado en implementar estrategias para la llegada de nuevas empresas, que est\u00e9n basadas en las ventajas competitivas que ofrece M\u00e9xico y no en una mano de obra barata. Se\u00f1al\u00f3 que es necesario discutir estrategias regionales para que los estados no compitan en la atracci\u00f3n de inversiones, sino que busquen complementariedad para la creaci\u00f3n de cadenas de valor regionales.<\/p>\n<p>Finalmente, al hablar del cuarto eje, impulso a la innovaci\u00f3n, tiene como objetivo incrementar el valor agregado de lo producido en M\u00e9xico, para que se quede una mayor derrama en el pa\u00eds; para eso, es necesario impulsar de manera regional pol\u00edticas integrales que permitan el establecimiento y desarrollo de la industria 4.0 en M\u00e9xico, as\u00ed como mejorar la transferencia de conocimiento entre academia y sector productivo.<\/p>\n<p>A su vez, esta estrategia est\u00e1 soportada por cuatro l\u00edneas transversales que deben servir de soporte en cada uno de los ejes: telecomunicaciones, infraestructura, educaci\u00f3n y energ\u00eda.<\/p>\n<p>El mandatario hidalguense se\u00f1al\u00f3 que este modelo, permitir\u00eda que los estados sean m\u00e1s competitivos y por lo tanto M\u00e9xico pueda crecer a un ritmo mayor, est\u00e1 basada en el esquema de desarrollo econ\u00f3mico que ha implementado en Hidalgo desde el inicio de su administraci\u00f3n y en tan s\u00f3lo dos a\u00f1os de gobierno, le ha permitido generar uno de cada 10 espacios laborales formales que existe actualmente en el estado, con una tasa de generaci\u00f3n de empleos 7.1%, la segunda m\u00e1s alta del pa\u00eds y atraer inversiones por m\u00e1s de 36 mil millones de pesos, cuatro veces lo que se logr\u00f3 en administraciones anteriores.<\/p>\n<p>Reiter\u00f3 la invitaci\u00f3n de los dem\u00e1s gobiernos locales para enriquecer la agenda a fin de que, en la asamblea de enero pr\u00f3ximo, se pueda formular la propuesta oficial al nuevo gobierno federal ya en funciones.<\/p>\n<p>Al concluir se dijo abierto para colaborar con la nueva administraci\u00f3n federal, por lo que hizo un llamado a todos los \u00f3rdenes de gobierno para trabajar de manera coordinada y cerrar filas a fin de que a M\u00e9xico le vaya bien.<\/p>\n<p>Los representantes del gobierno federal, entrante y saliente, Ildefonso Guajardo y Arnoldo Padilla en representaci\u00f3n del virtual Canciller, Marcelo Ebrard, destacaron la visi\u00f3n del mandatario Omar Fayad en materia de Desarrollo Econ\u00f3mico y fue felicitado por la agenda expuesta.<\/p>\n<p>En el evento tambi\u00e9n estuvieron presentes el Subsecretario de Comunicaciones, \u00c9dgar Olvera, y C\u00e9sar Hern\u00e1ndez representando a Graciela M\u00e1rquez Col\u00edn, quien ha sido propuesta como Secretaria de Econom\u00eda.<\/p>\n<p>De igual forma, asistieron legisladores federales y locales hidalguenses; empresarios; representantes de 30 entidades federativas; presidentes de las c\u00e1maras empresariales; presidentes municipales; la presidenta del Poder Judicial del Estado, Blanca S\u00e1nchez; de la Junta de Gobierno del Congreso de Hidalgo, Ricardo Baptista, y secretarios del gabinete estatal.<\/p>\n<p>&nbsp;<\/p>\n","protected":false},"excerpt":{"rendered":"<p>&nbsp; Hidalgo fue sede de la reuni\u00f3n de la CONAGO donde se instal\u00f3 la Comisi\u00f3n de Desarrollo Econ\u00f3mico. La estrategia articula las propuestas econ\u00f3micas del nuevo gobierno en cuatro ejes: competitividad, cadenas productivas, inversiones e innovaci\u00f3n. Ildefonso Guajardo y Arnoldo Padilla en representaci\u00f3n del virtual Canciller Marcelo Ebrard, destacaron la visi\u00f3n del mandatario hidalguense en<\/p>\n","protected":false},"author":2,"featured_media":22167,"comment_status":"open","ping_status":"closed","sticky":false,"template":"","format":"standard","meta":{"footnotes":""},"categories":[10],"tags":[],"class_list":{"0":"post-22166","1":"post","2":"type-post","3":"status-publish","4":"format-standard","5":"has-post-thumbnail","7":"category-hidalgo"},"_links":{"self":[{"href":"https:\/\/elreporterohgo.com\/noticias\/wp-json\/wp\/v2\/posts\/22166","targetHints":{"allow":["GET"]}}],"collection":[{"href":"https:\/\/elreporterohgo.com\/noticias\/wp-json\/wp\/v2\/posts"}],"about":[{"href":"https:\/\/elreporterohgo.com\/noticias\/wp-json\/wp\/v2\/types\/post"}],"author":[{"embeddable":true,"href":"https:\/\/elreporterohgo.com\/noticias\/wp-json\/wp\/v2\/users\/2"}],"replies":[{"embeddable":true,"href":"https:\/\/elreporterohgo.com\/noticias\/wp-json\/wp\/v2\/comments?post=22166"}],"version-history":[{"count":2,"href":"https:\/\/elreporterohgo.com\/noticias\/wp-json\/wp\/v2\/posts\/22166\/revisions"}],"predecessor-version":[{"id":22172,"href":"https:\/\/elreporterohgo.com\/noticias\/wp-json\/wp\/v2\/posts\/22166\/revisions\/22172"}],"wp:featuredmedia":[{"embeddable":true,"href":"https:\/\/elreporterohgo.com\/noticias\/wp-json\/wp\/v2\/media\/22167"}],"wp:attachment":[{"href":"https:\/\/elreporterohgo.com\/noticias\/wp-json\/wp\/v2\/media?parent=22166"}],"wp:term":[{"taxonomy":"category","embeddable":true,"href":"https:\/\/elreporterohgo.com\/noticias\/wp-json\/wp\/v2\/categories?post=22166"},{"taxonomy":"post_tag","embeddable":true,"href":"https:\/\/elreporterohgo.com\/noticias\/wp-json\/wp\/v2\/tags?post=22166"}],"curies":[{"name":"wp","href":"https:\/\/api.w.org\/{rel}","templated":true}]}}