{"id":22150,"date":"2018-11-22T03:53:37","date_gmt":"2018-11-22T09:53:37","guid":{"rendered":"https:\/\/elreporterohgo.com\/noticias\/?p=22150"},"modified":"2018-11-22T03:53:37","modified_gmt":"2018-11-22T09:53:37","slug":"mas-de-cien-millones-para-educacion","status":"publish","type":"post","link":"https:\/\/elreporterohgo.com\/noticias\/2018\/11\/22\/mas-de-cien-millones-para-educacion\/","title":{"rendered":"M\u00e1s de cien millones para educaci\u00f3n"},"content":{"rendered":"<h1><a href=\"https::\/\/elreporterohgo.com\/noticias\/wp-content\/uploads\/2018\/11\/0tul2.jpg\"><img fetchpriority=\"high\" decoding=\"async\" class=\"alignnone size-medium wp-image-22151\" src=\"https::\/\/elreporterohgo.com\/noticias\/wp-content\/uploads\/2018\/11\/0tul2-300x200.jpg\" alt=\"\" width=\"300\" height=\"200\" srcset=\"https:\/\/elreporterohgo.com\/noticias\/wp-content\/uploads\/2018\/11\/0tul2-300x200.jpg 300w, https:\/\/elreporterohgo.com\/noticias\/wp-content\/uploads\/2018\/11\/0tul2-768x511.jpg 768w, https:\/\/elreporterohgo.com\/noticias\/wp-content\/uploads\/2018\/11\/0tul2-1024x682.jpg 1024w, https:\/\/elreporterohgo.com\/noticias\/wp-content\/uploads\/2018\/11\/0tul2.jpg 1592w\" sizes=\"(max-width: 300px) 100vw, 300px\" \/><\/a><a href=\"https::\/\/elreporterohgo.com\/noticias\/wp-content\/uploads\/2018\/11\/0tul4.jpg\"><img decoding=\"async\" class=\"alignnone size-medium wp-image-22152\" src=\"https::\/\/elreporterohgo.com\/noticias\/wp-content\/uploads\/2018\/11\/0tul4-300x200.jpg\" alt=\"\" width=\"300\" height=\"200\" srcset=\"https:\/\/elreporterohgo.com\/noticias\/wp-content\/uploads\/2018\/11\/0tul4-300x200.jpg 300w, https:\/\/elreporterohgo.com\/noticias\/wp-content\/uploads\/2018\/11\/0tul4-768x512.jpg 768w, https:\/\/elreporterohgo.com\/noticias\/wp-content\/uploads\/2018\/11\/0tul4-1024x683.jpg 1024w, https:\/\/elreporterohgo.com\/noticias\/wp-content\/uploads\/2018\/11\/0tul4.jpg 1920w\" sizes=\"(max-width: 300px) 100vw, 300px\" \/><\/a><a href=\"https::\/\/elreporterohgo.com\/noticias\/wp-content\/uploads\/2018\/11\/0tul1.jpg\"><img decoding=\"async\" class=\"alignnone size-medium wp-image-22153\" src=\"https::\/\/elreporterohgo.com\/noticias\/wp-content\/uploads\/2018\/11\/0tul1-300x200.jpg\" alt=\"\" width=\"300\" height=\"200\" srcset=\"https:\/\/elreporterohgo.com\/noticias\/wp-content\/uploads\/2018\/11\/0tul1-300x200.jpg 300w, https:\/\/elreporterohgo.com\/noticias\/wp-content\/uploads\/2018\/11\/0tul1-768x512.jpg 768w, https:\/\/elreporterohgo.com\/noticias\/wp-content\/uploads\/2018\/11\/0tul1-1024x683.jpg 1024w, https:\/\/elreporterohgo.com\/noticias\/wp-content\/uploads\/2018\/11\/0tul1.jpg 1920w\" sizes=\"(max-width: 300px) 100vw, 300px\" \/><\/a><a href=\"https::\/\/elreporterohgo.com\/noticias\/wp-content\/uploads\/2018\/11\/0tul.jpg\"><img loading=\"lazy\" decoding=\"async\" class=\"alignnone size-medium wp-image-22154\" src=\"https::\/\/elreporterohgo.com\/noticias\/wp-content\/uploads\/2018\/11\/0tul-300x200.jpg\" alt=\"\" width=\"300\" height=\"200\" srcset=\"https:\/\/elreporterohgo.com\/noticias\/wp-content\/uploads\/2018\/11\/0tul-300x200.jpg 300w, https:\/\/elreporterohgo.com\/noticias\/wp-content\/uploads\/2018\/11\/0tul-768x512.jpg 768w, https:\/\/elreporterohgo.com\/noticias\/wp-content\/uploads\/2018\/11\/0tul-1024x683.jpg 1024w, https:\/\/elreporterohgo.com\/noticias\/wp-content\/uploads\/2018\/11\/0tul.jpg 1920w\" sizes=\"(max-width: 300px) 100vw, 300px\" \/><\/a><\/h1>\n<h1>Omar Fayad en gira de trabajo por Tulancingo<\/h1>\n<h1><em>&#8211; La educaci\u00f3n es la herramienta m\u00e1s importante, que contribuye al progreso de todas las comunidades, afirm\u00f3 el jefe del Ejecutivo estatal.<\/em><\/h1>\n<p>Tulancingo de Bravo, Hgo. &#8211;\u00a0En gira de trabajo por la regi\u00f3n de Tulancingo, el gobernador Omar Fayad inaugur\u00f3 el Colegio de Estudios Cient\u00edficos y Tecnol\u00f3gicos del Estado de Hidalgo (CECyTEH) Plantel Tulancingo y entreg\u00f3 apoyos a escuelas de tiempo completo, cuyo monto rebas\u00f3 los 102 MDP.<\/p>\n<p>&nbsp;<\/p>\n<p>En su mensaje, el mandatario destac\u00f3 que estos resultados se derivan de un trabajo conjunto entre autoridades y sociedad, as\u00ed como la aplicaci\u00f3n de pol\u00edticas p\u00fablicas que verdaderamente sirven y benefician a la poblaci\u00f3n.<\/p>\n<p>&nbsp;<\/p>\n<p>\u00abUna sociedad educada y bien informada para exigir a sus gobiernos buenos resultados y adem\u00e1s contribuya al progreso de su comunidad, es a lo que aspiramos en Hidalgo, de ah\u00ed que la educaci\u00f3n sea considerada por mi administraci\u00f3n como la herramienta m\u00e1s relevante que debe fortalecerse siempre\u00bb, asegur\u00f3 ante la comunidad estudiantil presente.<\/p>\n<p>&nbsp;<\/p>\n<p>Se comprometi\u00f3 a continuar con el mejoramiento de la calidad educativa a trav\u00e9s de la modernizaci\u00f3n, mantenimiento y equipamiento de la infraestructura, en apoyo de quienes m\u00e1s lo necesitan, gracias a programas como el de Escuela de Tiempo Completo, que contempla asistencia t\u00e9cnica, compra de libros, asesor\u00edas para aprovechamiento escolar, entre otros.<\/p>\n<p>&nbsp;<\/p>\n<p>Adem\u00e1s, record\u00f3 la promesa que el presidente electo Andr\u00e9s Manuel L\u00f3pez Obrador hizo para Hidalgo, de contar pr\u00f3ximamente con dos universidades m\u00e1s, las cuales sin duda contribuir\u00e1n al desarrollo de las y los j\u00f3venes de la entidad.<\/p>\n<p>&nbsp;<\/p>\n<p>Al respecto, el secretario de Educaci\u00f3n P\u00fablica, Atilano Rodr\u00edguez P\u00e9rez, coincidi\u00f3 con el jefe del Ejecutivo estatal en que el fortaleciendo del rubro educativo, es la base de todo desarrollo en la sociedad; respecto al CECyTEH reci\u00e9n inaugurado, se\u00f1al\u00f3 que esta obra contempl\u00f3 la construcci\u00f3n de 8 aulas did\u00e1cticas, escaleras, m\u00f3dulos sanitarios, taller de c\u00f3mputo, \u00e1rea administrativa, laboratorio de usos m\u00faltiples, talleres de mantenimiento automotriz, sistema de manufactura textil, cercado perimetral de la plaza c\u00edvica, entre otras, con una inversi\u00f3n cercana a los 23 MDP, m\u00e1s 7 millones del equipamiento, alcanzando un total de 30 MDP.<\/p>\n<p>&nbsp;<\/p>\n<p>Asimismo, la construcci\u00f3n del edificio UPN-Hidalgo Sede Regional Tulancingo, con una inversi\u00f3n de 10 MDP con recursos provenientes de FONREGI\u00d3N, en un terreno donado por la alcald\u00eda de Tulancingo \u00a0en beneficio de 300 estudiantes. De igual forma, se dio a conocer que 694 planteles de educaci\u00f3n b\u00e1sica participan en el Programa Escuelas de Tiempo Completo, benefici\u00e1ndose con 90 mil pesos cada una, con una inversi\u00f3n superior a los de 62 MDP.<\/p>\n<p>&nbsp;<\/p>\n<p>Por lo que con estas acciones, se realiz\u00f3 una inversi\u00f3n global de m\u00e1s de 102 millones 460 mil pesos.<\/p>\n<p>&nbsp;<\/p>\n<p>En su oportunidad, Enrique Macedo Ortiz, coordinador nacional de los CECyTE\u2019s, reconoci\u00f3 el compromiso y gesti\u00f3n del gobernador en temas educativos, que mucho benefician a la comunidad estudiantil, espec\u00edficamente de este subsistema.<\/p>\n<p>&nbsp;<\/p>\n","protected":false},"excerpt":{"rendered":"<p>Omar Fayad en gira de trabajo por Tulancingo &#8211; La educaci\u00f3n es la herramienta m\u00e1s importante, que contribuye al progreso de todas las comunidades, afirm\u00f3 el jefe del Ejecutivo estatal. Tulancingo de Bravo, Hgo. &#8211;\u00a0En gira de trabajo por la regi\u00f3n de Tulancingo, el gobernador Omar Fayad inaugur\u00f3 el Colegio de Estudios Cient\u00edficos y Tecnol\u00f3gicos<\/p>\n","protected":false},"author":2,"featured_media":22151,"comment_status":"open","ping_status":"closed","sticky":false,"template":"","format":"standard","meta":{"footnotes":""},"categories":[10],"tags":[],"class_list":{"0":"post-22150","1":"post","2":"type-post","3":"status-publish","4":"format-standard","5":"has-post-thumbnail","7":"category-hidalgo"},"_links":{"self":[{"href":"https:\/\/elreporterohgo.com\/noticias\/wp-json\/wp\/v2\/posts\/22150","targetHints":{"allow":["GET"]}}],"collection":[{"href":"https:\/\/elreporterohgo.com\/noticias\/wp-json\/wp\/v2\/posts"}],"about":[{"href":"https:\/\/elreporterohgo.com\/noticias\/wp-json\/wp\/v2\/types\/post"}],"author":[{"embeddable":true,"href":"https:\/\/elreporterohgo.com\/noticias\/wp-json\/wp\/v2\/users\/2"}],"replies":[{"embeddable":true,"href":"https:\/\/elreporterohgo.com\/noticias\/wp-json\/wp\/v2\/comments?post=22150"}],"version-history":[{"count":1,"href":"https:\/\/elreporterohgo.com\/noticias\/wp-json\/wp\/v2\/posts\/22150\/revisions"}],"predecessor-version":[{"id":22155,"href":"https:\/\/elreporterohgo.com\/noticias\/wp-json\/wp\/v2\/posts\/22150\/revisions\/22155"}],"wp:featuredmedia":[{"embeddable":true,"href":"https:\/\/elreporterohgo.com\/noticias\/wp-json\/wp\/v2\/media\/22151"}],"wp:attachment":[{"href":"https:\/\/elreporterohgo.com\/noticias\/wp-json\/wp\/v2\/media?parent=22150"}],"wp:term":[{"taxonomy":"category","embeddable":true,"href":"https:\/\/elreporterohgo.com\/noticias\/wp-json\/wp\/v2\/categories?post=22150"},{"taxonomy":"post_tag","embeddable":true,"href":"https:\/\/elreporterohgo.com\/noticias\/wp-json\/wp\/v2\/tags?post=22150"}],"curies":[{"name":"wp","href":"https:\/\/api.w.org\/{rel}","templated":true}]}}