{"id":22128,"date":"2018-11-20T22:33:26","date_gmt":"2018-11-21T04:33:26","guid":{"rendered":"https:\/\/elreporterohgo.com\/noticias\/?p=22128"},"modified":"2018-11-21T09:24:19","modified_gmt":"2018-11-21T15:24:19","slug":"hidalgo-busca-contar-con-el-primer-sincotron-de-mexico","status":"publish","type":"post","link":"https:\/\/elreporterohgo.com\/noticias\/2018\/11\/20\/hidalgo-busca-contar-con-el-primer-sincotron-de-mexico\/","title":{"rendered":"Hidalgo busca contar con el primer Sincrotr\u00f3n de M\u00e9xico"},"content":{"rendered":"<h1><a href=\"https::\/\/elreporterohgo.com\/noticias\/wp-content\/uploads\/2018\/11\/0cinco.jpg\"><img fetchpriority=\"high\" decoding=\"async\" class=\"alignnone size-medium wp-image-22129\" src=\"https::\/\/elreporterohgo.com\/noticias\/wp-content\/uploads\/2018\/11\/0cinco-300x210.jpg\" alt=\"\" width=\"300\" height=\"210\" srcset=\"https:\/\/elreporterohgo.com\/noticias\/wp-content\/uploads\/2018\/11\/0cinco-300x210.jpg 300w, https:\/\/elreporterohgo.com\/noticias\/wp-content\/uploads\/2018\/11\/0cinco-768x537.jpg 768w, https:\/\/elreporterohgo.com\/noticias\/wp-content\/uploads\/2018\/11\/0cinco-1024x716.jpg 1024w\" sizes=\"(max-width: 300px) 100vw, 300px\" \/><\/a><\/h1>\n<p>&nbsp;<\/p>\n<ul>\n<li><\/li>\n<li><em>El gobernador Omar Fayad, asegur\u00f3 que ser\u00eda una importante aportaci\u00f3n para la ciencia y la tecnolog\u00eda.<\/em><\/li>\n<li><em>Esta herramienta genera electrones que son utilizados en diversos procesos.<\/em><\/li>\n<\/ul>\n<p>En el marco del S\u00e9ptimo Festival Nacional del Conocimiento, el gobernador Omar Fayad anunci\u00f3 que existe la posibilidad de que Hidalgo sea el primer estado en el pa\u00eds que podr\u00eda contar con un Sincrotr\u00f3n, herramienta tecnol\u00f3gica que es de utilidad para la ciencia.<\/p>\n<p>El mandatario estatal explic\u00f3 que este proyecto es una gran aportaci\u00f3n al estudio cient\u00edfico en M\u00e9xico, que pondr\u00eda a la vanguardia diversos t\u00f3picos de la ciencia y la tecnolog\u00eda, \u201cser\u00eda un espacio de investigaci\u00f3n muy espec\u00edfico y singular porque se utiliza un haz de luz muy potente para el estudio de la materia, y hace un an\u00e1lisis detallado de todo tipo de materia, que sirve en todos los ramos del conocimiento, de la ciencia, de la tecnolog\u00eda, de la industria, es decir es un espacio muy importante\u201d.<\/p>\n<p>Cabe se\u00f1alar que esta tecnolog\u00eda, permitir\u00eda hacer aportaciones espec\u00edficas como en el caso de la prevenci\u00f3n de sismos, sin embargo, entre las 15 econom\u00edas m\u00e1s grandes del mundo, M\u00e9xico es hasta el momento el \u00fanico pa\u00eds que no cuenta con un Sincrotr\u00f3n.<\/p>\n<p>Se trata de un aro de luz capaz de generar un haz muy intenso y con ello es posible activar supermicroscopios, adem\u00e1s de ayudar a identificar movimientos de la corteza terrestre con anticipaci\u00f3n.<\/p>\n<p>Para abundar m\u00e1s al respecto, dentro de un anillo de 500 metros de circunferencia, se disparan millones de electrones de alta energ\u00eda, que emiten una luz mil veces m\u00e1s intensa que la luz del sol y de esta manera se genera luminosidad estable para extraerla y usarla en cientos de procesos tecnol\u00f3gicos y cient\u00edficos como farmacolog\u00eda, miner\u00eda, gen\u00f3mica, entre otros.<\/p>\n<p>Por ello, el gobernador Omar Fayad, busca impulsar la posibilidad de que Hidalgo albergue este proyecto que ser\u00eda de utilidad en diversos ramos de la ciencia \u201cvamos a fijar los objetivos, los planteamientos, es un tema que ya hemos platicado con el presidente electo Andr\u00e9s Manuel y lo vio con muy buenos ojos, ser\u00e1 una inversi\u00f3n muy importante, pero Hidalgo est\u00e1 dispuesto a trabajarlo, a que se haga una buena inversi\u00f3n, estamos dispuestos a ofrecer este espacio de gran ciencia y para ello vendr\u00edan personalidades nacionales e internacionales, acad\u00e9micos y muchos especialistas que tengan cabida en este gran proyecto\u201d.<\/p>\n<p><strong>\u00a0<\/strong><\/p>\n","protected":false},"excerpt":{"rendered":"<p>&nbsp; El gobernador Omar Fayad, asegur\u00f3 que ser\u00eda una importante aportaci\u00f3n para la ciencia y la tecnolog\u00eda. Esta herramienta genera electrones que son utilizados en diversos procesos. En el marco del S\u00e9ptimo Festival Nacional del Conocimiento, el gobernador Omar Fayad anunci\u00f3 que existe la posibilidad de que Hidalgo sea el primer estado en el pa\u00eds<\/p>\n","protected":false},"author":2,"featured_media":22129,"comment_status":"open","ping_status":"closed","sticky":false,"template":"","format":"standard","meta":{"footnotes":""},"categories":[10],"tags":[],"class_list":{"0":"post-22128","1":"post","2":"type-post","3":"status-publish","4":"format-standard","5":"has-post-thumbnail","7":"category-hidalgo"},"_links":{"self":[{"href":"https:\/\/elreporterohgo.com\/noticias\/wp-json\/wp\/v2\/posts\/22128","targetHints":{"allow":["GET"]}}],"collection":[{"href":"https:\/\/elreporterohgo.com\/noticias\/wp-json\/wp\/v2\/posts"}],"about":[{"href":"https:\/\/elreporterohgo.com\/noticias\/wp-json\/wp\/v2\/types\/post"}],"author":[{"embeddable":true,"href":"https:\/\/elreporterohgo.com\/noticias\/wp-json\/wp\/v2\/users\/2"}],"replies":[{"embeddable":true,"href":"https:\/\/elreporterohgo.com\/noticias\/wp-json\/wp\/v2\/comments?post=22128"}],"version-history":[{"count":2,"href":"https:\/\/elreporterohgo.com\/noticias\/wp-json\/wp\/v2\/posts\/22128\/revisions"}],"predecessor-version":[{"id":22132,"href":"https:\/\/elreporterohgo.com\/noticias\/wp-json\/wp\/v2\/posts\/22128\/revisions\/22132"}],"wp:featuredmedia":[{"embeddable":true,"href":"https:\/\/elreporterohgo.com\/noticias\/wp-json\/wp\/v2\/media\/22129"}],"wp:attachment":[{"href":"https:\/\/elreporterohgo.com\/noticias\/wp-json\/wp\/v2\/media?parent=22128"}],"wp:term":[{"taxonomy":"category","embeddable":true,"href":"https:\/\/elreporterohgo.com\/noticias\/wp-json\/wp\/v2\/categories?post=22128"},{"taxonomy":"post_tag","embeddable":true,"href":"https:\/\/elreporterohgo.com\/noticias\/wp-json\/wp\/v2\/tags?post=22128"}],"curies":[{"name":"wp","href":"https:\/\/api.w.org\/{rel}","templated":true}]}}