{"id":22119,"date":"2018-11-20T08:52:28","date_gmt":"2018-11-20T14:52:28","guid":{"rendered":"https:\/\/elreporterohgo.com\/noticias\/?p=22119"},"modified":"2018-11-20T08:52:28","modified_gmt":"2018-11-20T14:52:28","slug":"inauguran-el-7-festival-nacional-del-conocimiento","status":"publish","type":"post","link":"https:\/\/elreporterohgo.com\/noticias\/2018\/11\/20\/inauguran-el-7-festival-nacional-del-conocimiento\/","title":{"rendered":"INAUGURAN EL 7\u00b0 FESTIVAL NACIONAL DEL CONOCIMIENTO"},"content":{"rendered":"<h1><a href=\"https::\/\/elreporterohgo.com\/noticias\/wp-content\/uploads\/2018\/11\/0pa1.jpg\"><img fetchpriority=\"high\" decoding=\"async\" class=\"alignnone size-medium wp-image-22120\" src=\"https::\/\/elreporterohgo.com\/noticias\/wp-content\/uploads\/2018\/11\/0pa1-300x183.jpg\" alt=\"\" width=\"300\" height=\"183\" srcset=\"https:\/\/elreporterohgo.com\/noticias\/wp-content\/uploads\/2018\/11\/0pa1-300x183.jpg 300w, https:\/\/elreporterohgo.com\/noticias\/wp-content\/uploads\/2018\/11\/0pa1.jpg 448w\" sizes=\"(max-width: 300px) 100vw, 300px\" \/><\/a><a href=\"https::\/\/elreporterohgo.com\/noticias\/wp-content\/uploads\/2018\/11\/0pa2.jpg\"><img decoding=\"async\" class=\"alignnone size-medium wp-image-22121\" src=\"https::\/\/elreporterohgo.com\/noticias\/wp-content\/uploads\/2018\/11\/0pa2-300x184.jpg\" alt=\"\" width=\"300\" height=\"184\" srcset=\"https:\/\/elreporterohgo.com\/noticias\/wp-content\/uploads\/2018\/11\/0pa2-300x184.jpg 300w, https:\/\/elreporterohgo.com\/noticias\/wp-content\/uploads\/2018\/11\/0pa2.jpg 448w\" sizes=\"(max-width: 300px) 100vw, 300px\" \/><\/a><\/h1>\n<p>Pachuca, Hgo. &#8211;\u00a0En el marco de la inauguraci\u00f3n del S\u00e9ptimo Festival Nacional del Conocimiento, con el apoyo de la Universidad Nacional Aut\u00f3noma de M\u00e9xico (UNAM); Atilano Rodr\u00edguez P\u00e9rez, secretario de Educaci\u00f3n P\u00fablica, en representaci\u00f3n del gobernador Omar Fayad, destac\u00f3 que derivado del trabajo que impulsa el mandatario estatal, la m\u00e1xima casa de estudios del pa\u00eds decidi\u00f3 llevar a cabo este magno evento en la entidad.<\/p>\n<p>Record\u00f3 que en el Plan Estatal de Desarrollo, existe un eje que aborda la tem\u00e1tica del conocimiento, la ciencia y la tecnolog\u00eda, que busca dar una respuesta eficaz a los retos del presente y el futuro.<\/p>\n<p>Hizo un reconocimiento a los organizadores y participantes, como fue el caso de la UNAM y el Instituto Polit\u00e9cnico Nacional (IPN), y las diferentes secretar\u00edas del gobierno del estado, ya que \u201ceste es un gran esfuerzo, en el que participar\u00e1n m\u00e1s de 70 mil j\u00f3venes, ni\u00f1as y ni\u00f1os de diferentes niveles educativos\u201d.<\/p>\n<p>Lam\u00e1n Carranza Ram\u00edrez, titular de la Unidad de Planeaci\u00f3n y Prospectiva, inform\u00f3 que este festival se logr\u00f3 concretar gracias a la gesti\u00f3n hecha por el gobernador Omar Fayad, con el apoyo de la UNAM, as\u00ed como de otras prestigiosas instituciones de educaci\u00f3n superior del pa\u00eds.<\/p>\n<p>\u00c1ngel C\u00e9sar Mayren Rodr\u00edguez, coordinador de los Encuentros de Ciencia, Artes y Humanidades de la UNAM, con la representaci\u00f3n del rector Dr. Enrique Graue Wiechers, destac\u00f3 que es un honor colaborar con la administraci\u00f3n que encabeza el gobernador Omar Fayad, al ser un egresado distinguido de la m\u00e1xima casa de estudios del pa\u00eds, \u201chemos impulsado desde hace 14 a\u00f1os festivales como el que hoy nos re\u00fane, sumando 99 emisiones, siendo la de Hidalgo la n\u00famero 100\u201d.<\/p>\n<p>Dichos encuentros que por primera vez se celebran fuera de la Ciudad de M\u00e9xico y que tienen como sede el estado, buscan compartir conocimiento a las nuevas generaciones, pues \u201ccreemos que lo mejor que ha hecho la humanidad, es el desarrollo de la ciencia, la tecnolog\u00eda y las artes, en esto deriva la importancia de este festival\u201d, consider\u00f3.<\/p>\n<p>Dentro de las actividades a celebrarse en este s\u00e9ptimo festival del conocimiento, mismo que se llevar\u00e1 a cabo del 18 al 25 de noviembre de este a\u00f1o, se desarrollar\u00e1n adem\u00e1s actividades deportivas, art\u00edsticas, exposiciones, acad\u00e9micas, infantiles, presentaciones literarias y cient\u00edficas.<\/p>\n<p>De igual forma se desarrollar\u00e1n paneles con tem\u00e1ticas de sexualidad y equidad de g\u00e9nero; sustentabilidad ambiental; geoparques y turismo sustentable; alimentaci\u00f3n sustentable y desarrollo agropecuario; ciencia y tecnolog\u00eda para el desarrollo social; astronom\u00eda y desarrollo espacial; multiculturalidad y educaci\u00f3n en M\u00e9xico, as\u00ed como salud integral; en espacios como Plaza Ju\u00e1rez, el teatro Guillermo Romo de Vivar, la biblioteca Ricardo Garibay, el teatro Hidalgo, la Ciudad del Conocimiento, el Citnova, la losa pict\u00f3rica del parque David Ben Guri\u00f3n, y el auditorio Gota de Plata, respectivamente.<\/p>\n<p>En el caso de los alumnos del nivel b\u00e1sico, a trav\u00e9s de sus directivos y mediante la portaci\u00f3n de un gafete especial otorgado por la Secretar\u00eda de Educaci\u00f3n P\u00fablica del estado, podr\u00e1n hacer uso del Tuzob\u00fas sin costo, con la finalidad de poder trasladarse f\u00e1cilmente de una sede a otra, y participar as\u00ed en las diversas actividades que se tienen programadas.<\/p>\n","protected":false},"excerpt":{"rendered":"<p>Pachuca, Hgo. &#8211;\u00a0En el marco de la inauguraci\u00f3n del S\u00e9ptimo Festival Nacional del Conocimiento, con el apoyo de la Universidad Nacional Aut\u00f3noma de M\u00e9xico (UNAM); Atilano Rodr\u00edguez P\u00e9rez, secretario de Educaci\u00f3n P\u00fablica, en representaci\u00f3n del gobernador Omar Fayad, destac\u00f3 que derivado del trabajo que impulsa el mandatario estatal, la m\u00e1xima casa de estudios del pa\u00eds<\/p>\n","protected":false},"author":2,"featured_media":22121,"comment_status":"open","ping_status":"closed","sticky":false,"template":"","format":"standard","meta":{"footnotes":""},"categories":[10],"tags":[],"class_list":{"0":"post-22119","1":"post","2":"type-post","3":"status-publish","4":"format-standard","5":"has-post-thumbnail","7":"category-hidalgo"},"_links":{"self":[{"href":"https:\/\/elreporterohgo.com\/noticias\/wp-json\/wp\/v2\/posts\/22119","targetHints":{"allow":["GET"]}}],"collection":[{"href":"https:\/\/elreporterohgo.com\/noticias\/wp-json\/wp\/v2\/posts"}],"about":[{"href":"https:\/\/elreporterohgo.com\/noticias\/wp-json\/wp\/v2\/types\/post"}],"author":[{"embeddable":true,"href":"https:\/\/elreporterohgo.com\/noticias\/wp-json\/wp\/v2\/users\/2"}],"replies":[{"embeddable":true,"href":"https:\/\/elreporterohgo.com\/noticias\/wp-json\/wp\/v2\/comments?post=22119"}],"version-history":[{"count":2,"href":"https:\/\/elreporterohgo.com\/noticias\/wp-json\/wp\/v2\/posts\/22119\/revisions"}],"predecessor-version":[{"id":22123,"href":"https:\/\/elreporterohgo.com\/noticias\/wp-json\/wp\/v2\/posts\/22119\/revisions\/22123"}],"wp:featuredmedia":[{"embeddable":true,"href":"https:\/\/elreporterohgo.com\/noticias\/wp-json\/wp\/v2\/media\/22121"}],"wp:attachment":[{"href":"https:\/\/elreporterohgo.com\/noticias\/wp-json\/wp\/v2\/media?parent=22119"}],"wp:term":[{"taxonomy":"category","embeddable":true,"href":"https:\/\/elreporterohgo.com\/noticias\/wp-json\/wp\/v2\/categories?post=22119"},{"taxonomy":"post_tag","embeddable":true,"href":"https:\/\/elreporterohgo.com\/noticias\/wp-json\/wp\/v2\/tags?post=22119"}],"curies":[{"name":"wp","href":"https:\/\/api.w.org\/{rel}","templated":true}]}}