{"id":22104,"date":"2018-11-18T20:30:53","date_gmt":"2018-11-19T02:30:53","guid":{"rendered":"https:\/\/elreporterohgo.com\/noticias\/?p=22104"},"modified":"2018-11-18T20:31:17","modified_gmt":"2018-11-19T02:31:17","slug":"cruz-roja-condena-ataque-contras-personal-humanitario","status":"publish","type":"post","link":"https:\/\/elreporterohgo.com\/noticias\/2018\/11\/18\/cruz-roja-condena-ataque-contras-personal-humanitario\/","title":{"rendered":"Cruz Roja condena ataque contra personal humanitario"},"content":{"rendered":"<p>&nbsp;<\/p>\n<p><a href=\"https::\/\/elreporterohgo.com\/noticias\/wp-content\/uploads\/2018\/11\/IMG-20181118-WA0009.jpg\"><img fetchpriority=\"high\" decoding=\"async\" class=\"alignnone size-medium wp-image-22105\" src=\"https::\/\/elreporterohgo.com\/noticias\/wp-content\/uploads\/2018\/11\/IMG-20181118-WA0009-300x210.jpg\" alt=\"\" width=\"300\" height=\"210\" srcset=\"https:\/\/elreporterohgo.com\/noticias\/wp-content\/uploads\/2018\/11\/IMG-20181118-WA0009-300x210.jpg 300w, https:\/\/elreporterohgo.com\/noticias\/wp-content\/uploads\/2018\/11\/IMG-20181118-WA0009-768x537.jpg 768w, https:\/\/elreporterohgo.com\/noticias\/wp-content\/uploads\/2018\/11\/IMG-20181118-WA0009-1024x716.jpg 1024w, https:\/\/elreporterohgo.com\/noticias\/wp-content\/uploads\/2018\/11\/IMG-20181118-WA0009.jpg 1254w\" sizes=\"(max-width: 300px) 100vw, 300px\" \/><\/a><a href=\"https::\/\/elreporterohgo.com\/noticias\/wp-content\/uploads\/2018\/11\/IMG-20181118-WA0012.jpg\"><img decoding=\"async\" class=\"alignnone size-medium wp-image-22106\" src=\"https::\/\/elreporterohgo.com\/noticias\/wp-content\/uploads\/2018\/11\/IMG-20181118-WA0012-300x205.jpg\" alt=\"\" width=\"300\" height=\"205\" srcset=\"https:\/\/elreporterohgo.com\/noticias\/wp-content\/uploads\/2018\/11\/IMG-20181118-WA0012-300x205.jpg 300w, https:\/\/elreporterohgo.com\/noticias\/wp-content\/uploads\/2018\/11\/IMG-20181118-WA0012.jpg 685w\" sizes=\"(max-width: 300px) 100vw, 300px\" \/><\/a><\/p>\n<p>Cruz Roja Mexicana lamenta y condena los hechos ocurridos la ma\u00f1ana de este domingo en San Juan Tener\u00eda, municipio de Taxco, Guerrero, donde el voluntariado de la instituci\u00f3n fue agredido con armas de fuego cuando entregaba ayuda humanitaria.<\/p>\n<p>En este artero ataque falleci\u00f3 un voluntario de la instituci\u00f3n por lo que nos sumamos a la pena que embarga a su familia. Todo el voluntariado de Cruz Roja Mexicana se encuentra d\u00f3lido y consternado por la p\u00e9rdida de su voluntario.<\/p>\n<p>Cruz Roja Mexicana condena toda agresi\u00f3n dirigida a su voluntariado, porque su \u00fanico inter\u00e9s es ayudar a las personas vulnerables.<\/p>\n<p>La agresi\u00f3n ocurrida a nuestro personal no solamente da\u00f1a a la instituci\u00f3n, sino que afecta a las personas beneficiarias porque est\u00e1n esperanzadas en recibir la ayuda para mitigar su sufrimiento.<\/p>\n<p>Cruz Roja Mexica es una instituci\u00f3n imparcial e independiente, trabaja con principios fundamentales y su labor es \u00fanicamente por inter\u00e9s humanitario. Su trabajo no tiene fines partidistas ni pol\u00edticos, es una instituci\u00f3n neutral.<\/p>\n<p>De igual manera, lamenta la muerte de\u00a0 los elementos de seguridad y env\u00eda los mejores deseos para la pronta recuperaci\u00f3n de los heridos.<\/p>\n<p>*Cruz Roja Mexicana solicita una pronta investigaci\u00f3n de los hechos ocurridos y hace un llamado a la sociedad a respetar al voluntariado y al emblema de nuestra instituci\u00f3n o instituciones que se tenga voluntariado , porque su \u00fanico fin es ayudar a quien m\u00e1s lo necesita.*<\/p>\n","protected":false},"excerpt":{"rendered":"<p>&nbsp; Cruz Roja Mexicana lamenta y condena los hechos ocurridos la ma\u00f1ana de este domingo en San Juan Tener\u00eda, municipio de Taxco, Guerrero, donde el voluntariado de la instituci\u00f3n fue agredido con armas de fuego cuando entregaba ayuda humanitaria. En este artero ataque falleci\u00f3 un voluntario de la instituci\u00f3n por lo que nos sumamos a<\/p>\n","protected":false},"author":2,"featured_media":22105,"comment_status":"open","ping_status":"closed","sticky":false,"template":"","format":"standard","meta":{"footnotes":""},"categories":[10],"tags":[],"class_list":{"0":"post-22104","1":"post","2":"type-post","3":"status-publish","4":"format-standard","5":"has-post-thumbnail","7":"category-hidalgo"},"_links":{"self":[{"href":"https:\/\/elreporterohgo.com\/noticias\/wp-json\/wp\/v2\/posts\/22104","targetHints":{"allow":["GET"]}}],"collection":[{"href":"https:\/\/elreporterohgo.com\/noticias\/wp-json\/wp\/v2\/posts"}],"about":[{"href":"https:\/\/elreporterohgo.com\/noticias\/wp-json\/wp\/v2\/types\/post"}],"author":[{"embeddable":true,"href":"https:\/\/elreporterohgo.com\/noticias\/wp-json\/wp\/v2\/users\/2"}],"replies":[{"embeddable":true,"href":"https:\/\/elreporterohgo.com\/noticias\/wp-json\/wp\/v2\/comments?post=22104"}],"version-history":[{"count":3,"href":"https:\/\/elreporterohgo.com\/noticias\/wp-json\/wp\/v2\/posts\/22104\/revisions"}],"predecessor-version":[{"id":22108,"href":"https:\/\/elreporterohgo.com\/noticias\/wp-json\/wp\/v2\/posts\/22104\/revisions\/22108"}],"wp:featuredmedia":[{"embeddable":true,"href":"https:\/\/elreporterohgo.com\/noticias\/wp-json\/wp\/v2\/media\/22105"}],"wp:attachment":[{"href":"https:\/\/elreporterohgo.com\/noticias\/wp-json\/wp\/v2\/media?parent=22104"}],"wp:term":[{"taxonomy":"category","embeddable":true,"href":"https:\/\/elreporterohgo.com\/noticias\/wp-json\/wp\/v2\/categories?post=22104"},{"taxonomy":"post_tag","embeddable":true,"href":"https:\/\/elreporterohgo.com\/noticias\/wp-json\/wp\/v2\/tags?post=22104"}],"curies":[{"name":"wp","href":"https:\/\/api.w.org\/{rel}","templated":true}]}}